{"id":202,"date":"2024-04-22T18:04:48","date_gmt":"2024-04-22T18:04:48","guid":{"rendered":"https:\/\/siglo21.cr.sinlimitescr.xyz\/?p=202"},"modified":"2024-05-29T20:11:34","modified_gmt":"2024-05-29T20:11:34","slug":"dr-hugo-recinos","status":"publish","type":"post","link":"https:\/\/siglo21.cr\/eng\/2024\/04\/22\/dr-hugo-recinos\/","title":{"rendered":"Dr. Hugo Recinos"},"content":{"rendered":"<div data-elementor-type=\"wp-post\" data-elementor-id=\"202\" class=\"elementor elementor-202\">\n\t\t\t\t<div class=\"elementor-element elementor-element-6b2dfc5a e-con-full elementor-hidden-mobile e-flex wpr-particle-no wpr-jarallax-no wpr-parallax-no e-con e-parent\" data-id=\"6b2dfc5a\" data-element_type=\"container\" data-settings=\"{&quot;background_background&quot;:&quot;classic&quot;,&quot;raven_motion_effectssticky&quot;:&quot;top&quot;,&quot;raven_motion_effectssticky_on&quot;:[&quot;desktop&quot;,&quot;tablet&quot;],&quot;raven_motion_effectssticky_offset&quot;:55,&quot;raven_motion_effectssticky_effects_offset&quot;:0}\">\n\t\t\t\t<div class=\"elementor-element elementor-element-461d87ef raven-nav-alignment-center main-layout-horizontal pointer-none submenu-anim-fade raven-dropdown-stretch mobile-breakpoint-mobile raven-nav-menu-align-center submenu-position-bottom elementor-widget elementor-widget-raven-advanced-nav-menu\" data-id=\"461d87ef\" data-element_type=\"widget\" data-settings=\"{&quot;submenu_indicator&quot;:{&quot;value&quot;:&quot;fas fa-angle-down&quot;,&quot;library&quot;:&quot;fa-solid&quot;},&quot;full_width&quot;:&quot;stretch&quot;,&quot;mobile_layout&quot;:&quot;dropdown&quot;,&quot;submenu_opening_position&quot;:&quot;bottom&quot;}\" data-widget_type=\"raven-advanced-nav-menu.default\">\n\t\t\t\t<div class=\"elementor-widget-container\">\n\t\t\t\t\t\t\t<!-- Menu Toggle Button -->\r\n\t\t<div class=\"raven-adnav-menu-toggle\">\r\n\t\t\t<div class=\"raven-adnav-menu-toggle-button\">\r\n\t\t\t\t\t\t\t<div class=\"toggle-button-custom\">\r\n\t\t\t\t\t\t\t\t\t\t\t\t<i class=\"fa fa-bars\"><\/i>\r\n\t\t\t\t\t\t\t<\/div>\r\n\t\t\t\t\t\t<\/div>\r\n\t\t\t\t\t<\/div>\r\n\t\t\t\t\t\t\t<!-- Main Menu -->\r\n\t\t<nav data-layout=\"horizontal\" class=\"raven-adnav-menu-main raven-adnav-menu-horizontal\">\r\n\t\t\t\t\t<ul id=\"menu-461d87ef\" class=\"raven-adnav-menu\">\r\n\t\t\t\t\t\t\t\t<li class=\"menu-item\" data-width_type=\"default\" data-submenu_pos=\"center\">\r\n\t\t\t\t\t\t\t\t<a href=\"https:\/\/siglo21.cr\/eng\/2024\/04\/22\/dr-luis-garcia\/\" class=\"raven-link-item raven-menu-item\">\r\n\t\t\t\t\t\t<span class=\"link-text\">\r\n\t\t\t\t<span class=\"link-label\">\r\n\t\t\t\t\tDr. Luis Garc\u00eda\t\t\t\t<\/span>\r\n\t\t\t\t\t\t\t<\/span>\r\n\t\t<\/a>\r\n\t\t\t\t\t\t\t<\/li>\r\n\t\t\t\t\t\t\t\t\t\t<li class=\"menu-item\" data-width_type=\"default\" data-submenu_pos=\"center\">\r\n\t\t\t\t\t\t\t\t<a href=\"https:\/\/siglo21.cr\/eng\/2024\/04\/22\/dr-hugo-recinos\/\" class=\"raven-link-item raven-menu-item active-link\">\r\n\t\t\t\t\t\t<span class=\"link-text\">\r\n\t\t\t\t<span class=\"link-label\">\r\n\t\t\t\t\tDr. Hugo Recinos \t\t\t\t<\/span>\r\n\t\t\t\t\t\t\t<\/span>\r\n\t\t<\/a>\r\n\t\t\t\t\t\t\t<\/li>\r\n\t\t\t\t\t\t\t\t\t\t<li class=\"menu-item\" data-width_type=\"default\" data-submenu_pos=\"center\">\r\n\t\t\t\t\t\t\t\t<a href=\"https:\/\/siglo21.cr\/eng\/2024\/04\/22\/dr-rolando-loria\/\" class=\"raven-link-item raven-menu-item\">\r\n\t\t\t\t\t\t<span class=\"link-text\">\r\n\t\t\t\t<span class=\"link-label\">\r\n\t\t\t\t\tDr. Rolando Lor\u00eda\t\t\t\t<\/span>\r\n\t\t\t\t\t\t\t<\/span>\r\n\t\t<\/a>\r\n\t\t\t\t\t\t\t<\/li>\r\n\t\t\t\t\t\t\t\t\t\t<li class=\"menu-item\" data-width_type=\"default\" data-submenu_pos=\"center\">\r\n\t\t\t\t\t\t\t\t<a href=\"https:\/\/siglo21.cr\/eng\/2024\/04\/22\/dra-maria-bonilla\/\" class=\"raven-link-item raven-menu-item\">\r\n\t\t\t\t\t\t<span class=\"link-text\">\r\n\t\t\t\t<span class=\"link-label\">\r\n\t\t\t\t\tDr. Mar\u00eda Bonilla\t\t\t\t<\/span>\r\n\t\t\t\t\t\t\t<\/span>\r\n\t\t<\/a>\r\n\t\t\t\t\t\t\t<\/li>\r\n\t\t\t\t\t\t\t\t\t\t<li class=\"menu-item\" data-width_type=\"default\" data-submenu_pos=\"center\">\r\n\t\t\t\t\t\t\t\t<a href=\"https:\/\/siglo21.cr\/eng\/2024\/05\/29\/dr-alejandro-blanco\/\" class=\"raven-link-item raven-menu-item\">\r\n\t\t\t\t\t\t<span class=\"link-text\">\r\n\t\t\t\t<span class=\"link-label\">\r\n\t\t\t\t\tDr. Alejandro Blanco\t\t\t\t<\/span>\r\n\t\t\t\t\t\t\t<\/span>\r\n\t\t<\/a>\r\n\t\t\t\t\t\t\t<\/li>\r\n\t\t\t\t\t\t\t\t\t\t<li class=\"menu-item\" data-width_type=\"default\" data-submenu_pos=\"center\">\r\n\t\t\t\t\t\t\t\t<a href=\"https:\/\/siglo21.cr\/eng\/2024\/05\/29\/dr-guillermo-recinos\/\" class=\"raven-link-item raven-menu-item\">\r\n\t\t\t\t\t\t<span class=\"link-text\">\r\n\t\t\t\t<span class=\"link-label\">\r\n\t\t\t\t\tDr. Guillermo Recinos\t\t\t\t<\/span>\r\n\t\t\t\t\t\t\t<\/span>\r\n\t\t<\/a>\r\n\t\t\t\t\t\t\t<\/li>\r\n\t\t\t\t\t\t\t\t\t\t<li class=\"menu-item\" data-width_type=\"default\" data-submenu_pos=\"center\">\r\n\t\t\t\t\t\t\t\t<a href=\"https:\/\/siglo21.cr\/eng\/2024\/05\/29\/dra-juliana-ramirez\/\" class=\"raven-link-item raven-menu-item\">\r\n\t\t\t\t\t\t<span class=\"link-text\">\r\n\t\t\t\t<span class=\"link-label\">\r\n\t\t\t\t\tDr. Juliana Ram\u00edrez\t\t\t\t<\/span>\r\n\t\t\t\t\t\t\t<\/span>\r\n\t\t<\/a>\r\n\t\t\t\t\t\t\t<\/li>\r\n\t\t\t\t\t\t\t<\/ul>\r\n\t\t\t\t<\/nav>\r\n\t\t\t\t<!-- Mobile Menu -->\r\n\t\t<nav data-layout=\"dropdown\" class=\"raven-adnav-menu-mobile raven-adnav-menu-dropdown\">\r\n\t\t\t\t\t\t<div class=\"raven-container\">\r\n\t\t\t\t\t\t<ul id=\"menu-mobile-461d87ef\" class=\"raven-adnav-menu\">\r\n\t\t\t\t\t\t\t\t<li class=\"menu-item\" data-width_type=\"default\" data-submenu_pos=\"center\">\r\n\t\t\t\t\t\t\t\t<a href=\"https:\/\/siglo21.cr\/eng\/2024\/04\/22\/dr-luis-garcia\/\" class=\"raven-link-item raven-menu-item\">\r\n\t\t\t\t\t\t<span class=\"link-text\">\r\n\t\t\t\t<span class=\"link-label\">\r\n\t\t\t\t\tDr. Luis Garc\u00eda\t\t\t\t<\/span>\r\n\t\t\t\t\t\t\t<\/span>\r\n\t\t<\/a>\r\n\t\t\t\t\t\t\t<\/li>\r\n\t\t\t\t\t\t\t\t\t\t<li class=\"menu-item\" data-width_type=\"default\" data-submenu_pos=\"center\">\r\n\t\t\t\t\t\t\t\t<a href=\"https:\/\/siglo21.cr\/eng\/2024\/04\/22\/dr-hugo-recinos\/\" class=\"raven-link-item raven-menu-item active-link\">\r\n\t\t\t\t\t\t<span class=\"link-text\">\r\n\t\t\t\t<span class=\"link-label\">\r\n\t\t\t\t\tDr. Hugo Recinos \t\t\t\t<\/span>\r\n\t\t\t\t\t\t\t<\/span>\r\n\t\t<\/a>\r\n\t\t\t\t\t\t\t<\/li>\r\n\t\t\t\t\t\t\t\t\t\t<li class=\"menu-item\" data-width_type=\"default\" data-submenu_pos=\"center\">\r\n\t\t\t\t\t\t\t\t<a href=\"https:\/\/siglo21.cr\/eng\/2024\/04\/22\/dr-rolando-loria\/\" class=\"raven-link-item raven-menu-item\">\r\n\t\t\t\t\t\t<span class=\"link-text\">\r\n\t\t\t\t<span class=\"link-label\">\r\n\t\t\t\t\tDr. Rolando Lor\u00eda\t\t\t\t<\/span>\r\n\t\t\t\t\t\t\t<\/span>\r\n\t\t<\/a>\r\n\t\t\t\t\t\t\t<\/li>\r\n\t\t\t\t\t\t\t\t\t\t<li class=\"menu-item\" data-width_type=\"default\" data-submenu_pos=\"center\">\r\n\t\t\t\t\t\t\t\t<a href=\"https:\/\/siglo21.cr\/eng\/2024\/04\/22\/dra-maria-bonilla\/\" class=\"raven-link-item raven-menu-item\">\r\n\t\t\t\t\t\t<span class=\"link-text\">\r\n\t\t\t\t<span class=\"link-label\">\r\n\t\t\t\t\tDr. Mar\u00eda Bonilla\t\t\t\t<\/span>\r\n\t\t\t\t\t\t\t<\/span>\r\n\t\t<\/a>\r\n\t\t\t\t\t\t\t<\/li>\r\n\t\t\t\t\t\t\t\t\t\t<li class=\"menu-item\" data-width_type=\"default\" data-submenu_pos=\"center\">\r\n\t\t\t\t\t\t\t\t<a href=\"https:\/\/siglo21.cr\/eng\/2024\/05\/29\/dr-alejandro-blanco\/\" class=\"raven-link-item raven-menu-item\">\r\n\t\t\t\t\t\t<span class=\"link-text\">\r\n\t\t\t\t<span class=\"link-label\">\r\n\t\t\t\t\tDr. Alejandro Blanco\t\t\t\t<\/span>\r\n\t\t\t\t\t\t\t<\/span>\r\n\t\t<\/a>\r\n\t\t\t\t\t\t\t<\/li>\r\n\t\t\t\t\t\t\t\t\t\t<li class=\"menu-item\" data-width_type=\"default\" data-submenu_pos=\"center\">\r\n\t\t\t\t\t\t\t\t<a href=\"https:\/\/siglo21.cr\/eng\/2024\/05\/29\/dr-guillermo-recinos\/\" class=\"raven-link-item raven-menu-item\">\r\n\t\t\t\t\t\t<span class=\"link-text\">\r\n\t\t\t\t<span class=\"link-label\">\r\n\t\t\t\t\tDr. Guillermo Recinos\t\t\t\t<\/span>\r\n\t\t\t\t\t\t\t<\/span>\r\n\t\t<\/a>\r\n\t\t\t\t\t\t\t<\/li>\r\n\t\t\t\t\t\t\t\t\t\t<li class=\"menu-item\" data-width_type=\"default\" data-submenu_pos=\"center\">\r\n\t\t\t\t\t\t\t\t<a href=\"https:\/\/siglo21.cr\/eng\/2024\/05\/29\/dra-juliana-ramirez\/\" class=\"raven-link-item raven-menu-item\">\r\n\t\t\t\t\t\t<span class=\"link-text\">\r\n\t\t\t\t<span class=\"link-label\">\r\n\t\t\t\t\tDr. Juliana Ram\u00edrez\t\t\t\t<\/span>\r\n\t\t\t\t\t\t\t<\/span>\r\n\t\t<\/a>\r\n\t\t\t\t\t\t\t<\/li>\r\n\t\t\t\t\t\t\t<\/ul>\r\n\t\t\t\t\t<\/div>\r\n\t\t<\/nav>\r\n\t\t\t\t\t\t<\/div>\n\t\t\t\t<\/div>\n\t\t\t\t<\/div>\n\t\t<div class=\"elementor-element elementor-element-482a643e e-con-full elementor-hidden-mobile e-flex wpr-particle-no wpr-jarallax-no wpr-parallax-no e-con e-parent\" data-id=\"482a643e\" data-element_type=\"container\" data-settings=\"{&quot;background_background&quot;:&quot;classic&quot;,&quot;raven_motion_effectssticky&quot;:&quot;top&quot;,&quot;raven_motion_effectssticky_on&quot;:[&quot;desktop&quot;,&quot;tablet&quot;],&quot;raven_motion_effectssticky_offset&quot;:90,&quot;raven_motion_effectssticky_effects_offset&quot;:0}\">\n\t\t\t\t<div class=\"elementor-element elementor-element-108025b4 raven-nav-alignment-center main-layout-horizontal pointer-none submenu-anim-fade raven-dropdown-stretch mobile-breakpoint-mobile raven-nav-menu-align-center submenu-position-bottom elementor-widget elementor-widget-raven-advanced-nav-menu\" data-id=\"108025b4\" data-element_type=\"widget\" data-settings=\"{&quot;submenu_indicator&quot;:{&quot;value&quot;:&quot;fas fa-angle-down&quot;,&quot;library&quot;:&quot;fa-solid&quot;},&quot;full_width&quot;:&quot;stretch&quot;,&quot;mobile_layout&quot;:&quot;dropdown&quot;,&quot;submenu_opening_position&quot;:&quot;bottom&quot;}\" data-widget_type=\"raven-advanced-nav-menu.default\">\n\t\t\t\t<div class=\"elementor-widget-container\">\n\t\t\t\t\t\t\t<!-- Menu Toggle Button -->\r\n\t\t<div class=\"raven-adnav-menu-toggle\">\r\n\t\t\t<div class=\"raven-adnav-menu-toggle-button\">\r\n\t\t\t\t\t\t\t<div class=\"toggle-button-custom\">\r\n\t\t\t\t\t\t\t\t\t\t\t\t<i class=\"fa fa-bars\"><\/i>\r\n\t\t\t\t\t\t\t<\/div>\r\n\t\t\t\t\t\t<\/div>\r\n\t\t\t\t\t<\/div>\r\n\t\t\t\t\t\t\t<!-- Main Menu -->\r\n\t\t<nav data-layout=\"horizontal\" class=\"raven-adnav-menu-main raven-adnav-menu-horizontal\">\r\n\t\t\t\t\t<ul id=\"menu-108025b4\" class=\"raven-adnav-menu\">\r\n\t\t\t\t\t\t\t\t<li class=\"menu-item\" data-width_type=\"default\" data-submenu_pos=\"center\">\r\n\t\t\t\t\t\t\t\t<a href=\"https:\/\/siglo21.cr\/eng\/2024\/04\/29\/dr-arnoldo-zuniga-orlich\/\" class=\"raven-link-item raven-menu-item\">\r\n\t\t\t\t\t\t<span class=\"link-text\">\r\n\t\t\t\t<span class=\"link-label\">\r\n\t\t\t\t\tDr. Arnoldo Z\u00fa\u00f1iga\t\t\t\t<\/span>\r\n\t\t\t\t\t\t\t<\/span>\r\n\t\t<\/a>\r\n\t\t\t\t\t\t\t<\/li>\r\n\t\t\t\t\t\t\t\t\t\t<li class=\"menu-item\" data-width_type=\"default\" data-submenu_pos=\"center\">\r\n\t\t\t\t\t\t\t\t<a href=\"https:\/\/siglo21.cr\/eng\/2024\/05\/29\/dr-julio-arguello\/\" class=\"raven-link-item raven-menu-item\">\r\n\t\t\t\t\t\t<span class=\"link-text\">\r\n\t\t\t\t<span class=\"link-label\">\r\n\t\t\t\t\tDr. Julio Arg\u00fcello\t\t\t\t<\/span>\r\n\t\t\t\t\t\t\t<\/span>\r\n\t\t<\/a>\r\n\t\t\t\t\t\t\t<\/li>\r\n\t\t\t\t\t\t\t\t\t\t<li class=\"menu-item\" data-width_type=\"default\" data-submenu_pos=\"center\">\r\n\t\t\t\t\t\t\t\t<a href=\"https:\/\/siglo21.cr\/eng\/2024\/04\/29\/dra-lorena-gallegos\/\" class=\"raven-link-item raven-menu-item\">\r\n\t\t\t\t\t\t<span class=\"link-text\">\r\n\t\t\t\t<span class=\"link-label\">\r\n\t\t\t\t\tDr. Lorena Gallegos\t\t\t\t<\/span>\r\n\t\t\t\t\t\t\t<\/span>\r\n\t\t<\/a>\r\n\t\t\t\t\t\t\t<\/li>\r\n\t\t\t\t\t\t\t\t\t\t<li class=\"menu-item\" data-width_type=\"default\" data-submenu_pos=\"center\">\r\n\t\t\t\t\t\t\t\t<a href=\"https:\/\/siglo21.cr\/eng\/2024\/04\/29\/dra-tatiana-soto\/\" class=\"raven-link-item raven-menu-item\">\r\n\t\t\t\t\t\t<span class=\"link-text\">\r\n\t\t\t\t<span class=\"link-label\">\r\n\t\t\t\t\tDr. Tatiana Soto\t\t\t\t<\/span>\r\n\t\t\t\t\t\t\t<\/span>\r\n\t\t<\/a>\r\n\t\t\t\t\t\t\t<\/li>\r\n\t\t\t\t\t\t\t\t\t\t<li class=\"menu-item\" data-width_type=\"default\" data-submenu_pos=\"center\">\r\n\t\t\t\t\t\t\t\t<a href=\"https:\/\/siglo21.cr\/eng\/2024\/04\/29\/dra-stephanie-lopez\/\" class=\"raven-link-item raven-menu-item\">\r\n\t\t\t\t\t\t<span class=\"link-text\">\r\n\t\t\t\t<span class=\"link-label\">\r\n\t\t\t\t\tDr. Stephanie L\u00f3pez\t\t\t\t<\/span>\r\n\t\t\t\t\t\t\t<\/span>\r\n\t\t<\/a>\r\n\t\t\t\t\t\t\t<\/li>\r\n\t\t\t\t\t\t\t\t\t\t<li class=\"menu-item\" data-width_type=\"default\" data-submenu_pos=\"center\">\r\n\t\t\t\t\t\t\t\t<a href=\"https:\/\/siglo21.cr\/eng\/2024\/05\/29\/dra-leonor-arce\/\" class=\"raven-link-item raven-menu-item\">\r\n\t\t\t\t\t\t<span class=\"link-text\">\r\n\t\t\t\t<span class=\"link-label\">\r\n\t\t\t\t\tDr. Leonor Arce\t\t\t\t<\/span>\r\n\t\t\t\t\t\t\t<\/span>\r\n\t\t<\/a>\r\n\t\t\t\t\t\t\t<\/li>\r\n\t\t\t\t\t\t\t\t\t\t<li class=\"menu-item\" data-width_type=\"default\" data-submenu_pos=\"center\">\r\n\t\t\t\t\t\t\t\t<a href=\"https:\/\/siglo21.cr\/eng\/2024\/05\/29\/dr-allan-cerna\/\" class=\"raven-link-item raven-menu-item\">\r\n\t\t\t\t\t\t<span class=\"link-text\">\r\n\t\t\t\t<span class=\"link-label\">\r\n\t\t\t\t\tDr. Allan Cerna\t\t\t\t<\/span>\r\n\t\t\t\t\t\t\t<\/span>\r\n\t\t<\/a>\r\n\t\t\t\t\t\t\t<\/li>\r\n\t\t\t\t\t\t\t<\/ul>\r\n\t\t\t\t<\/nav>\r\n\t\t\t\t<!-- Mobile Menu -->\r\n\t\t<nav data-layout=\"dropdown\" class=\"raven-adnav-menu-mobile raven-adnav-menu-dropdown\">\r\n\t\t\t\t\t\t<div class=\"raven-container\">\r\n\t\t\t\t\t\t<ul id=\"menu-mobile-108025b4\" class=\"raven-adnav-menu\">\r\n\t\t\t\t\t\t\t\t<li class=\"menu-item\" data-width_type=\"default\" data-submenu_pos=\"center\">\r\n\t\t\t\t\t\t\t\t<a href=\"https:\/\/siglo21.cr\/eng\/2024\/04\/29\/dr-arnoldo-zuniga-orlich\/\" class=\"raven-link-item raven-menu-item\">\r\n\t\t\t\t\t\t<span class=\"link-text\">\r\n\t\t\t\t<span class=\"link-label\">\r\n\t\t\t\t\tDr. Arnoldo Z\u00fa\u00f1iga\t\t\t\t<\/span>\r\n\t\t\t\t\t\t\t<\/span>\r\n\t\t<\/a>\r\n\t\t\t\t\t\t\t<\/li>\r\n\t\t\t\t\t\t\t\t\t\t<li class=\"menu-item\" data-width_type=\"default\" data-submenu_pos=\"center\">\r\n\t\t\t\t\t\t\t\t<a href=\"https:\/\/siglo21.cr\/eng\/2024\/05\/29\/dr-julio-arguello\/\" class=\"raven-link-item raven-menu-item\">\r\n\t\t\t\t\t\t<span class=\"link-text\">\r\n\t\t\t\t<span class=\"link-label\">\r\n\t\t\t\t\tDr. Julio Arg\u00fcello\t\t\t\t<\/span>\r\n\t\t\t\t\t\t\t<\/span>\r\n\t\t<\/a>\r\n\t\t\t\t\t\t\t<\/li>\r\n\t\t\t\t\t\t\t\t\t\t<li class=\"menu-item\" data-width_type=\"default\" data-submenu_pos=\"center\">\r\n\t\t\t\t\t\t\t\t<a href=\"https:\/\/siglo21.cr\/eng\/2024\/04\/29\/dra-lorena-gallegos\/\" class=\"raven-link-item raven-menu-item\">\r\n\t\t\t\t\t\t<span class=\"link-text\">\r\n\t\t\t\t<span class=\"link-label\">\r\n\t\t\t\t\tDr. Lorena Gallegos\t\t\t\t<\/span>\r\n\t\t\t\t\t\t\t<\/span>\r\n\t\t<\/a>\r\n\t\t\t\t\t\t\t<\/li>\r\n\t\t\t\t\t\t\t\t\t\t<li class=\"menu-item\" data-width_type=\"default\" data-submenu_pos=\"center\">\r\n\t\t\t\t\t\t\t\t<a href=\"https:\/\/siglo21.cr\/eng\/2024\/04\/29\/dra-tatiana-soto\/\" class=\"raven-link-item raven-menu-item\">\r\n\t\t\t\t\t\t<span class=\"link-text\">\r\n\t\t\t\t<span class=\"link-label\">\r\n\t\t\t\t\tDr. Tatiana Soto\t\t\t\t<\/span>\r\n\t\t\t\t\t\t\t<\/span>\r\n\t\t<\/a>\r\n\t\t\t\t\t\t\t<\/li>\r\n\t\t\t\t\t\t\t\t\t\t<li class=\"menu-item\" data-width_type=\"default\" data-submenu_pos=\"center\">\r\n\t\t\t\t\t\t\t\t<a href=\"https:\/\/siglo21.cr\/eng\/2024\/04\/29\/dra-stephanie-lopez\/\" class=\"raven-link-item raven-menu-item\">\r\n\t\t\t\t\t\t<span class=\"link-text\">\r\n\t\t\t\t<span class=\"link-label\">\r\n\t\t\t\t\tDr. Stephanie L\u00f3pez\t\t\t\t<\/span>\r\n\t\t\t\t\t\t\t<\/span>\r\n\t\t<\/a>\r\n\t\t\t\t\t\t\t<\/li>\r\n\t\t\t\t\t\t\t\t\t\t<li class=\"menu-item\" data-width_type=\"default\" data-submenu_pos=\"center\">\r\n\t\t\t\t\t\t\t\t<a href=\"https:\/\/siglo21.cr\/eng\/2024\/05\/29\/dra-leonor-arce\/\" class=\"raven-link-item raven-menu-item\">\r\n\t\t\t\t\t\t<span class=\"link-text\">\r\n\t\t\t\t<span class=\"link-label\">\r\n\t\t\t\t\tDr. Leonor Arce\t\t\t\t<\/span>\r\n\t\t\t\t\t\t\t<\/span>\r\n\t\t<\/a>\r\n\t\t\t\t\t\t\t<\/li>\r\n\t\t\t\t\t\t\t\t\t\t<li class=\"menu-item\" data-width_type=\"default\" data-submenu_pos=\"center\">\r\n\t\t\t\t\t\t\t\t<a href=\"https:\/\/siglo21.cr\/eng\/2024\/05\/29\/dr-allan-cerna\/\" class=\"raven-link-item raven-menu-item\">\r\n\t\t\t\t\t\t<span class=\"link-text\">\r\n\t\t\t\t<span class=\"link-label\">\r\n\t\t\t\t\tDr. Allan Cerna\t\t\t\t<\/span>\r\n\t\t\t\t\t\t\t<\/span>\r\n\t\t<\/a>\r\n\t\t\t\t\t\t\t<\/li>\r\n\t\t\t\t\t\t\t<\/ul>\r\n\t\t\t\t\t<\/div>\r\n\t\t<\/nav>\r\n\t\t\t\t\t\t<\/div>\n\t\t\t\t<\/div>\n\t\t\t\t<\/div>\n\t\t<div class=\"elementor-element elementor-element-2b55ee64 e-con-full e-flex wpr-particle-no wpr-jarallax-no wpr-parallax-no wpr-sticky-section-no e-con e-parent\" data-id=\"2b55ee64\" data-element_type=\"container\">\n\t\t\t\t<div class=\"elementor-element elementor-element-4602bf78 elementor-widget elementor-widget-heading\" data-id=\"4602bf78\" data-element_type=\"widget\" data-widget_type=\"heading.default\">\n\t\t\t\t<div class=\"elementor-widget-container\">\n\t\t\t\t\t<h2 class=\"elementor-heading-title elementor-size-default\">Dr. Hugo Recinos<\/h2>\t\t\t\t<\/div>\n\t\t\t\t<\/div>\n\t\t\t\t<\/div>\n\t\t<div class=\"elementor-element elementor-element-6976ba14 e-flex e-con-boxed wpr-particle-no wpr-jarallax-no wpr-parallax-no wpr-sticky-section-no e-con e-parent\" data-id=\"6976ba14\" data-element_type=\"container\">\n\t\t\t\t\t<div class=\"e-con-inner\">\n\t\t\t\t<div class=\"elementor-element elementor-element-149233ed elementor-widget elementor-widget-heading\" data-id=\"149233ed\" data-element_type=\"widget\" data-widget_type=\"heading.default\">\n\t\t\t\t<div class=\"elementor-widget-container\">\n\t\t\t\t\t<h2 class=\"elementor-heading-title elementor-size-default\">Radiation Oncologist<\/h2>\t\t\t\t<\/div>\n\t\t\t\t<\/div>\n\t\t\t\t\t<\/div>\n\t\t\t\t<\/div>\n\t\t<div class=\"elementor-element elementor-element-544b5100 e-con-full e-flex wpr-particle-no wpr-jarallax-no wpr-parallax-no wpr-sticky-section-no e-con e-parent\" data-id=\"544b5100\" data-element_type=\"container\">\n\t\t\t\t<div class=\"elementor-element elementor-element-37321926 elementor-widget elementor-widget-text-editor\" data-id=\"37321926\" data-element_type=\"widget\" data-widget_type=\"text-editor.default\">\n\t\t\t\t<div class=\"elementor-widget-container\">\n\t\t\t\t\t\t\t\t\t<div class=\"page\" title=\"Page 1\"><div class=\"section\"><div class=\"layoutArea\"><div class=\"column\"><p class=\"p1\">More than 35 years of experience in Radiation Oncology. Dr Recinos has specialized in brain and body radiosurgery treatments. He has extensive experience treating brain injuries, metastatic tumors, prostate cancer treatments and more.<\/p><\/div><\/div><\/div><\/div>\t\t\t\t\t\t\t\t<\/div>\n\t\t\t\t<\/div>\n\t\t\t\t<\/div>\n\t\t<div class=\"elementor-element elementor-element-6f93210d e-flex e-con-boxed wpr-particle-no wpr-jarallax-no wpr-parallax-no wpr-sticky-section-no e-con e-parent\" data-id=\"6f93210d\" data-element_type=\"container\">\n\t\t\t\t\t<div class=\"e-con-inner\">\n\t\t\t\t<div class=\"elementor-element elementor-element-4bda4fa1 elementor-widget elementor-widget-image\" data-id=\"4bda4fa1\" data-element_type=\"widget\" data-widget_type=\"image.default\">\n\t\t\t\t<div class=\"elementor-widget-container\">\n\t\t\t\t\t\t\t\t\t\t\t\t\t\t\t<img fetchpriority=\"high\" decoding=\"async\" width=\"600\" height=\"400\" src=\"https:\/\/siglo21.cr\/wp-content\/uploads\/2024\/04\/doctor-hugo-recinos-perfil.jpg\" class=\"attachment-large size-large wp-image-680\" alt=\"\" srcset=\"https:\/\/siglo21.cr\/wp-content\/uploads\/2024\/04\/doctor-hugo-recinos-perfil.jpg 600w, https:\/\/siglo21.cr\/wp-content\/uploads\/2024\/04\/doctor-hugo-recinos-perfil-300x200.jpg 300w\" sizes=\"(max-width: 600px) 100vw, 600px\" \/>\t\t\t\t\t\t\t\t\t\t\t\t\t\t\t<\/div>\n\t\t\t\t<\/div>\n\t\t\t\t\t<\/div>\n\t\t\t\t<\/div>\n\t\t<div class=\"elementor-element elementor-element-6d9e928b e-con-full e-flex wpr-particle-no wpr-jarallax-no wpr-parallax-no wpr-sticky-section-no e-con e-parent\" data-id=\"6d9e928b\" data-element_type=\"container\">\n\t\t<div class=\"elementor-element elementor-element-68917962 e-con-full e-flex wpr-particle-no wpr-jarallax-no wpr-parallax-no wpr-sticky-section-no e-con e-child\" data-id=\"68917962\" data-element_type=\"container\">\n\t\t\t\t<div class=\"elementor-element elementor-element-20ce99a5 elementor-widget elementor-widget-heading\" data-id=\"20ce99a5\" data-element_type=\"widget\" data-widget_type=\"heading.default\">\n\t\t\t\t<div class=\"elementor-widget-container\">\n\t\t\t\t\t<h2 class=\"elementor-heading-title elementor-size-default\">Academic education<\/h2>\t\t\t\t<\/div>\n\t\t\t\t<\/div>\n\t\t\t\t<div class=\"elementor-element elementor-element-45f6663e elementor-widget elementor-widget-timeline-widget-addon\" data-id=\"45f6663e\" data-element_type=\"widget\" data-widget_type=\"timeline-widget-addon.default\">\n\t\t\t\t<div class=\"elementor-widget-container\">\n\t\t\t\t\t<!-- ========= Timeline Widget Addon For Elementor 1.6.8 ========= -->\n<div id=\"twae-wrapper-45f6663e\" class=\"twae-vertical twae-wrapper  twae-vertical-right\">   \n    <div class=\"twae-start\"><\/div>    \n    <div id=\"twea-timeline-45f6663e\" class=\"twae-timeline\" ><!-- Start of Story Repeater Content --><div id=\"story-3f29d87\" class=\"twae-story twae-repeater-item twae-story-right twae-story-no-icon\"><!-- Story Icon --><div class=\"twae-icon\"><svg aria-hidden=\"true\" class=\"e-font-icon-svg e-fas-book\" viewbox=\"0 0 448 512\" xmlns=\"http:\/\/www.w3.org\/2000\/svg\"><path d=\"M448 360V24c0-13.3-10.7-24-24-24H96C43 0 0 43 0 96v320c0 53 43 96 96 96h328c13.3 0 24-10.7 24-24v-16c0-7.5-3.5-14.3-8.9-18.7-4.2-15.4-4.2-59.3 0-74.7 5.4-4.3 8.9-11.1 8.9-18.6zM128 134c0-3.3 2.7-6 6-6h212c3.3 0 6 2.7 6 6v20c0 3.3-2.7 6-6 6H134c-3.3 0-6-2.7-6-6v-20zm0 64c0-3.3 2.7-6 6-6h212c3.3 0 6 2.7 6 6v20c0 3.3-2.7 6-6 6H134c-3.3 0-6-2.7-6-6v-20zm253.4 250H96c-17.7 0-32-14.3-32-32 0-17.6 14.4-32 32-32h285.4c-1.9 17.1-1.9 46.9 0 64z\"><\/path><\/svg><\/div><!-- Story Arrow --><div class=\"twae-arrow\"><\/div><!-- Start of Story Content --><div class=\"twae-content\"><!-- Story Title --><div class=\"twae-title\">Doctorate in medicine<\/div><!-- Story Description --><div class=\"twae-description\"><div class=\"page\" title=\"Page 1\"><div class=\"section\"><div class=\"layoutArea\"><div class=\"column\"><p>Autonomous University of Central America, Costa Rica | Since 1984<\/p><\/div><\/div><\/div><\/div><\/div><\/div><\/div><!-- Start of Story Repeater Content --><div id=\"story-54f912c\" class=\"twae-story twae-repeater-item twae-story-right twae-story-no-icon\"><!-- Story Icon --><div class=\"twae-icon\"><svg aria-hidden=\"true\" class=\"e-font-icon-svg e-fas-book\" viewbox=\"0 0 448 512\" xmlns=\"http:\/\/www.w3.org\/2000\/svg\"><path d=\"M448 360V24c0-13.3-10.7-24-24-24H96C43 0 0 43 0 96v320c0 53 43 96 96 96h328c13.3 0 24-10.7 24-24v-16c0-7.5-3.5-14.3-8.9-18.7-4.2-15.4-4.2-59.3 0-74.7 5.4-4.3 8.9-11.1 8.9-18.6zM128 134c0-3.3 2.7-6 6-6h212c3.3 0 6 2.7 6 6v20c0 3.3-2.7 6-6 6H134c-3.3 0-6-2.7-6-6v-20zm0 64c0-3.3 2.7-6 6-6h212c3.3 0 6 2.7 6 6v20c0 3.3-2.7 6-6 6H134c-3.3 0-6-2.7-6-6v-20zm253.4 250H96c-17.7 0-32-14.3-32-32 0-17.6 14.4-32 32-32h285.4c-1.9 17.1-1.9 46.9 0 64z\"><\/path><\/svg><\/div><!-- Story Arrow --><div class=\"twae-arrow\"><\/div><!-- Start of Story Content --><div class=\"twae-content\"><!-- Story Title --><div class=\"twae-title\">Internal Medicine Residency<\/div><!-- Story Description --><div class=\"twae-description\"><div class=\"page\" title=\"Page 1\"><div class=\"section\"><div class=\"layoutArea\"><div class=\"column\"><div class=\"page\" title=\"Page 1\"><div class=\"section\"><div class=\"layoutArea\"><div class=\"column\"><p>University of Costa Rica | Since 1986<\/p><\/div><\/div><\/div><\/div><\/div><\/div><\/div><\/div><\/div><\/div><\/div><!-- Start of Story Repeater Content --><div id=\"story-c8cc28a\" class=\"twae-story twae-repeater-item twae-story-right twae-story-no-icon\"><!-- Story Icon --><div class=\"twae-icon\"><svg aria-hidden=\"true\" class=\"e-font-icon-svg e-fas-book\" viewbox=\"0 0 448 512\" xmlns=\"http:\/\/www.w3.org\/2000\/svg\"><path d=\"M448 360V24c0-13.3-10.7-24-24-24H96C43 0 0 43 0 96v320c0 53 43 96 96 96h328c13.3 0 24-10.7 24-24v-16c0-7.5-3.5-14.3-8.9-18.7-4.2-15.4-4.2-59.3 0-74.7 5.4-4.3 8.9-11.1 8.9-18.6zM128 134c0-3.3 2.7-6 6-6h212c3.3 0 6 2.7 6 6v20c0 3.3-2.7 6-6 6H134c-3.3 0-6-2.7-6-6v-20zm0 64c0-3.3 2.7-6 6-6h212c3.3 0 6 2.7 6 6v20c0 3.3-2.7 6-6 6H134c-3.3 0-6-2.7-6-6v-20zm253.4 250H96c-17.7 0-32-14.3-32-32 0-17.6 14.4-32 32-32h285.4c-1.9 17.1-1.9 46.9 0 64z\"><\/path><\/svg><\/div><!-- Story Arrow --><div class=\"twae-arrow\"><\/div><!-- Start of Story Content --><div class=\"twae-content\"><!-- Story Title --><div class=\"twae-title\">Post \u2013 Degree in Radiation Oncology<\/div><!-- Story Description --><div class=\"twae-description\"><div class=\"page\" title=\"Page 1\"><div class=\"section\"><div class=\"layoutArea\"><div class=\"column\"><div class=\"page\" title=\"Page 1\"><div class=\"section\"><div class=\"layoutArea\"><div class=\"column\"><p>University of Costa Rica | Since 1989<\/p><\/div><\/div><\/div><\/div><\/div><\/div><\/div><\/div><\/div><\/div><\/div><!-- Start of Story Repeater Content --><div id=\"story-d46363f\" class=\"twae-story twae-repeater-item twae-story-right twae-story-no-icon\"><!-- Story Icon --><div class=\"twae-icon\"><svg aria-hidden=\"true\" class=\"e-font-icon-svg e-fas-book\" viewbox=\"0 0 448 512\" xmlns=\"http:\/\/www.w3.org\/2000\/svg\"><path d=\"M448 360V24c0-13.3-10.7-24-24-24H96C43 0 0 43 0 96v320c0 53 43 96 96 96h328c13.3 0 24-10.7 24-24v-16c0-7.5-3.5-14.3-8.9-18.7-4.2-15.4-4.2-59.3 0-74.7 5.4-4.3 8.9-11.1 8.9-18.6zM128 134c0-3.3 2.7-6 6-6h212c3.3 0 6 2.7 6 6v20c0 3.3-2.7 6-6 6H134c-3.3 0-6-2.7-6-6v-20zm0 64c0-3.3 2.7-6 6-6h212c3.3 0 6 2.7 6 6v20c0 3.3-2.7 6-6 6H134c-3.3 0-6-2.7-6-6v-20zm253.4 250H96c-17.7 0-32-14.3-32-32 0-17.6 14.4-32 32-32h285.4c-1.9 17.1-1.9 46.9 0 64z\"><\/path><\/svg><\/div><!-- Story Arrow --><div class=\"twae-arrow\"><\/div><!-- Start of Story Content --><div class=\"twae-content\"><!-- Story Title --><div class=\"twae-title\">3D radiotherapy treatment planning<\/div><!-- Story Description --><div class=\"twae-description\"><div class=\"page\" title=\"Page 1\"><div class=\"section\"><div class=\"layoutArea\"><div class=\"column\"><div class=\"page\" title=\"Page 1\"><div class=\"section\"><div class=\"layoutArea\"><div class=\"column\"><p>University Hospital of Caracas | Since 1992<\/p><\/div><\/div><\/div><\/div><\/div><\/div><\/div><\/div><\/div><\/div><\/div><!-- Start of Story Repeater Content --><div id=\"story-266b6a4\" class=\"twae-story twae-repeater-item twae-story-right twae-story-no-icon\"><!-- Story Icon --><div class=\"twae-icon\"><svg aria-hidden=\"true\" class=\"e-font-icon-svg e-fas-book\" viewbox=\"0 0 448 512\" xmlns=\"http:\/\/www.w3.org\/2000\/svg\"><path d=\"M448 360V24c0-13.3-10.7-24-24-24H96C43 0 0 43 0 96v320c0 53 43 96 96 96h328c13.3 0 24-10.7 24-24v-16c0-7.5-3.5-14.3-8.9-18.7-4.2-15.4-4.2-59.3 0-74.7 5.4-4.3 8.9-11.1 8.9-18.6zM128 134c0-3.3 2.7-6 6-6h212c3.3 0 6 2.7 6 6v20c0 3.3-2.7 6-6 6H134c-3.3 0-6-2.7-6-6v-20zm0 64c0-3.3 2.7-6 6-6h212c3.3 0 6 2.7 6 6v20c0 3.3-2.7 6-6 6H134c-3.3 0-6-2.7-6-6v-20zm253.4 250H96c-17.7 0-32-14.3-32-32 0-17.6 14.4-32 32-32h285.4c-1.9 17.1-1.9 46.9 0 64z\"><\/path><\/svg><\/div><!-- Story Arrow --><div class=\"twae-arrow\"><\/div><!-- Start of Story Content --><div class=\"twae-content\"><!-- Story Title --><div class=\"twae-title\">Training course in High Dose Rate Brachytherapy for Gynecological Cancer<\/div><!-- Story Description --><div class=\"twae-description\"><div class=\"page\" title=\"Page 1\"><div class=\"section\"><div class=\"layoutArea\"><div class=\"column\"><div class=\"page\" title=\"Page 1\"><div class=\"section\"><div class=\"layoutArea\"><div class=\"column\"><div class=\"page\" title=\"Page 1\"><div class=\"section\"><div class=\"layoutArea\"><div class=\"column\"><p>INCan - Mexico | Since 1994<\/p><\/div><\/div><\/div><\/div><\/div><\/div><\/div><\/div><\/div><\/div><\/div><\/div><\/div><\/div><\/div><!-- Start of Story Repeater Content --><div id=\"story-92f9e23\" class=\"twae-story twae-repeater-item twae-story-right twae-story-no-icon\"><!-- Story Icon --><div class=\"twae-icon\"><svg aria-hidden=\"true\" class=\"e-font-icon-svg e-fas-book\" viewbox=\"0 0 448 512\" xmlns=\"http:\/\/www.w3.org\/2000\/svg\"><path d=\"M448 360V24c0-13.3-10.7-24-24-24H96C43 0 0 43 0 96v320c0 53 43 96 96 96h328c13.3 0 24-10.7 24-24v-16c0-7.5-3.5-14.3-8.9-18.7-4.2-15.4-4.2-59.3 0-74.7 5.4-4.3 8.9-11.1 8.9-18.6zM128 134c0-3.3 2.7-6 6-6h212c3.3 0 6 2.7 6 6v20c0 3.3-2.7 6-6 6H134c-3.3 0-6-2.7-6-6v-20zm0 64c0-3.3 2.7-6 6-6h212c3.3 0 6 2.7 6 6v20c0 3.3-2.7 6-6 6H134c-3.3 0-6-2.7-6-6v-20zm253.4 250H96c-17.7 0-32-14.3-32-32 0-17.6 14.4-32 32-32h285.4c-1.9 17.1-1.9 46.9 0 64z\"><\/path><\/svg><\/div><!-- Story Arrow --><div class=\"twae-arrow\"><\/div><!-- Start of Story Content --><div class=\"twae-content\"><!-- Story Title --><div class=\"twae-title\">Training program in Radiation oncology<\/div><!-- Story Description --><div class=\"twae-description\"><div class=\"page\" title=\"Page 1\"><div class=\"section\"><div class=\"layoutArea\"><div class=\"column\"><div class=\"page\" title=\"Page 1\"><div class=\"section\"><div class=\"layoutArea\"><div class=\"column\"><div class=\"page\" title=\"Page 1\"><div class=\"section\"><div class=\"layoutArea\"><div class=\"column\"><p>Comprehensive Cancer Center \u2013 Florida | Since 1998<\/p><\/div><\/div><\/div><\/div><\/div><\/div><\/div><\/div><\/div><\/div><\/div><\/div><\/div><\/div><\/div><\/div>\n    <div class=\"twae-end\"><\/div>\n    <\/div><style type=\"text\/css\">@media (max-width: 1024px){ .twae-wrapper{--tw-ybx-size: 80px !important;}}@media (max-width: 767px){ .twae-wrapper{--tw-ybx-size: 80px !important}}<\/style>\t\t\t\t<\/div>\n\t\t\t\t<\/div>\n\t\t\t\t<\/div>\n\t\t<div class=\"elementor-element elementor-element-2e0a4abe e-con-full e-flex wpr-particle-no wpr-jarallax-no wpr-parallax-no wpr-sticky-section-no e-con e-child\" data-id=\"2e0a4abe\" data-element_type=\"container\">\n\t\t<div class=\"elementor-element elementor-element-2476b36a e-con-full e-flex wpr-particle-no wpr-jarallax-no wpr-parallax-no wpr-sticky-section-no e-con e-child\" data-id=\"2476b36a\" data-element_type=\"container\">\n\t\t\t\t<div class=\"elementor-element elementor-element-1741bf5f elementor-widget elementor-widget-heading\" data-id=\"1741bf5f\" data-element_type=\"widget\" data-widget_type=\"heading.default\">\n\t\t\t\t<div class=\"elementor-widget-container\">\n\t\t\t\t\t<h2 class=\"elementor-heading-title elementor-size-default\">Work experience<\/h2>\t\t\t\t<\/div>\n\t\t\t\t<\/div>\n\t\t\t\t<div class=\"elementor-element elementor-element-1b7a13d elementor-widget elementor-widget-timeline-widget-addon\" data-id=\"1b7a13d\" data-element_type=\"widget\" data-widget_type=\"timeline-widget-addon.default\">\n\t\t\t\t<div class=\"elementor-widget-container\">\n\t\t\t\t\t<!-- ========= Timeline Widget Addon For Elementor 1.6.8 ========= -->\n<div id=\"twae-wrapper-1b7a13d\" class=\"twae-vertical twae-wrapper  twae-vertical-right\">   \n    <div class=\"twae-start\"><\/div>    \n    <div id=\"twea-timeline-1b7a13d\" class=\"twae-timeline\" ><!-- Start of Story Repeater Content --><div id=\"story-3f29d87\" class=\"twae-story twae-repeater-item twae-story-right twae-story-no-icon\"><!-- Story Icon --><div class=\"twae-icon\"><svg aria-hidden=\"true\" class=\"e-font-icon-svg e-far-check-circle\" viewbox=\"0 0 512 512\" xmlns=\"http:\/\/www.w3.org\/2000\/svg\"><path d=\"M256 8C119.033 8 8 119.033 8 256s111.033 248 248 248 248-111.033 248-248S392.967 8 256 8zm0 48c110.532 0 200 89.451 200 200 0 110.532-89.451 200-200 200-110.532 0-200-89.451-200-200 0-110.532 89.451-200 200-200m140.204 130.267l-22.536-22.718c-4.667-4.705-12.265-4.736-16.97-.068L215.346 303.697l-59.792-60.277c-4.667-4.705-12.265-4.736-16.97-.069l-22.719 22.536c-4.705 4.667-4.736 12.265-.068 16.971l90.781 91.516c4.667 4.705 12.265 4.736 16.97.068l172.589-171.204c4.704-4.668 4.734-12.266.067-16.971z\"><\/path><\/svg><\/div><!-- Story Arrow --><div class=\"twae-arrow\"><\/div><!-- Start of Story Content --><div class=\"twae-content\"><!-- Story Title --><div class=\"twae-title\">Head of the Radiotherapy Service Hemato-Oncology Dept.<\/div><!-- Story Description --><div class=\"twae-description\"><div class=\"page\" title=\"Page 1\"><div class=\"section\"><div class=\"layoutArea\"><div class=\"column\"><div class=\"page\" title=\"Page 1\"><div class=\"section\"><div class=\"layoutArea\"><div class=\"column\"><p>San Juan de Dios Hospital<br \/>| 2003 - 2016<\/p><\/div><\/div><\/div><\/div><\/div><\/div><\/div><\/div><\/div><\/div><\/div><!-- Start of Story Repeater Content --><div id=\"story-54f912c\" class=\"twae-story twae-repeater-item twae-story-right twae-story-no-icon\"><!-- Story Icon --><div class=\"twae-icon\"><svg aria-hidden=\"true\" class=\"e-font-icon-svg e-far-check-circle\" viewbox=\"0 0 512 512\" xmlns=\"http:\/\/www.w3.org\/2000\/svg\"><path d=\"M256 8C119.033 8 8 119.033 8 256s111.033 248 248 248 248-111.033 248-248S392.967 8 256 8zm0 48c110.532 0 200 89.451 200 200 0 110.532-89.451 200-200 200-110.532 0-200-89.451-200-200 0-110.532 89.451-200 200-200m140.204 130.267l-22.536-22.718c-4.667-4.705-12.265-4.736-16.97-.068L215.346 303.697l-59.792-60.277c-4.667-4.705-12.265-4.736-16.97-.069l-22.719 22.536c-4.705 4.667-4.736 12.265-.068 16.971l90.781 91.516c4.667 4.705 12.265 4.736 16.97.068l172.589-171.204c4.704-4.668 4.734-12.266.067-16.971z\"><\/path><\/svg><\/div><!-- Story Arrow --><div class=\"twae-arrow\"><\/div><!-- Start of Story Content --><div class=\"twae-content\"><!-- Story Title --><div class=\"twae-title\">Assistant Physician in the Radiotherapy Service<\/div><!-- Story Description --><div class=\"twae-description\"><div class=\"page\" title=\"Page 1\"><div class=\"section\"><div class=\"layoutArea\"><div class=\"column\"><div class=\"page\" title=\"Page 1\"><div class=\"section\"><div class=\"layoutArea\"><div class=\"column\"><div class=\"page\" title=\"Page 1\"><div class=\"section\"><div class=\"layoutArea\"><div class=\"column\"><p>San Juan de Dios Hospital.<br \/>| 1992 - 2003<\/p><\/div><\/div><\/div><\/div><\/div><\/div><\/div><\/div><\/div><\/div><\/div><\/div><\/div><\/div><\/div><!-- Start of Story Repeater Content --><div id=\"story-c8cc28a\" class=\"twae-story twae-repeater-item twae-story-right twae-story-no-icon\"><!-- Story Icon --><div class=\"twae-icon\"><svg aria-hidden=\"true\" class=\"e-font-icon-svg e-far-check-circle\" viewbox=\"0 0 512 512\" xmlns=\"http:\/\/www.w3.org\/2000\/svg\"><path d=\"M256 8C119.033 8 8 119.033 8 256s111.033 248 248 248 248-111.033 248-248S392.967 8 256 8zm0 48c110.532 0 200 89.451 200 200 0 110.532-89.451 200-200 200-110.532 0-200-89.451-200-200 0-110.532 89.451-200 200-200m140.204 130.267l-22.536-22.718c-4.667-4.705-12.265-4.736-16.97-.068L215.346 303.697l-59.792-60.277c-4.667-4.705-12.265-4.736-16.97-.069l-22.719 22.536c-4.705 4.667-4.736 12.265-.068 16.971l90.781 91.516c4.667 4.705 12.265 4.736 16.97.068l172.589-171.204c4.704-4.668 4.734-12.266.067-16.971z\"><\/path><\/svg><\/div><!-- Story Arrow --><div class=\"twae-arrow\"><\/div><!-- Start of Story Content --><div class=\"twae-content\"><!-- Story Title --><div class=\"twae-title\">Assistant in Internal Medicine. Emergencies<\/div><!-- Story Description --><div class=\"twae-description\"><div class=\"page\" title=\"Page 1\"><div class=\"section\"><div class=\"layoutArea\"><div class=\"column\"><div class=\"page\" title=\"Page 1\"><div class=\"section\"><div class=\"layoutArea\"><div class=\"column\"><div class=\"page\" title=\"Page 1\"><div class=\"section\"><div class=\"layoutArea\"><div class=\"column\"><p>San Juan Dios Hospital<br \/>| 1998 - 1994<\/p><\/div><\/div><\/div><\/div><\/div><\/div><\/div><\/div><\/div><\/div><\/div><\/div><\/div><\/div><\/div><!-- Start of Story Repeater Content --><div id=\"story-d46363f\" class=\"twae-story twae-repeater-item twae-story-right twae-story-no-icon\"><!-- Story Icon --><div class=\"twae-icon\"><svg aria-hidden=\"true\" class=\"e-font-icon-svg e-far-check-circle\" viewbox=\"0 0 512 512\" xmlns=\"http:\/\/www.w3.org\/2000\/svg\"><path d=\"M256 8C119.033 8 8 119.033 8 256s111.033 248 248 248 248-111.033 248-248S392.967 8 256 8zm0 48c110.532 0 200 89.451 200 200 0 110.532-89.451 200-200 200-110.532 0-200-89.451-200-200 0-110.532 89.451-200 200-200m140.204 130.267l-22.536-22.718c-4.667-4.705-12.265-4.736-16.97-.068L215.346 303.697l-59.792-60.277c-4.667-4.705-12.265-4.736-16.97-.069l-22.719 22.536c-4.705 4.667-4.736 12.265-.068 16.971l90.781 91.516c4.667 4.705 12.265 4.736 16.97.068l172.589-171.204c4.704-4.668 4.734-12.266.067-16.971z\"><\/path><\/svg><\/div><!-- Story Arrow --><div class=\"twae-arrow\"><\/div><!-- Start of Story Content --><div class=\"twae-content\"><!-- Story Title --><div class=\"twae-title\">Social Medical Service<\/div><!-- Story Description --><div class=\"twae-description\"><div class=\"page\" title=\"Page 1\"><div class=\"section\"><div class=\"layoutArea\"><div class=\"column\"><div class=\"page\" title=\"Page 1\"><div class=\"section\"><div class=\"layoutArea\"><div class=\"column\"><div class=\"page\" title=\"Page 1\"><div class=\"section\"><div class=\"layoutArea\"><div class=\"column\"><p>Dr. Carlos Luis Valverde Vega Hospital<br \/>| 1986 - 1985<\/p><\/div><\/div><\/div><\/div><\/div><\/div><\/div><\/div><\/div><\/div><\/div><\/div><\/div><\/div><\/div><\/div>\n    <div class=\"twae-end\"><\/div>\n    <\/div><style type=\"text\/css\">@media (max-width: 1024px){ .twae-wrapper{--tw-ybx-size: 80px !important;}}@media (max-width: 767px){ .twae-wrapper{--tw-ybx-size: 80px !important}}<\/style>\t\t\t\t<\/div>\n\t\t\t\t<\/div>\n\t\t\t\t<\/div>\n\t\t\t\t<\/div>\n\t\t\t\t<\/div>\n\t\t\t\t<\/div>","protected":false},"excerpt":{"rendered":"<p>Dr. Luis Garc\u00eda Dr. Hugo Recinos Dr. Rolando Lor\u00eda Dra. Mar\u00eda Bonilla Dr. Alejandro Blanco Dr. Guillermo Recinos Dra. Juliana Ram\u00edrez Dr. Luis Garc\u00eda Dr. Hugo Recinos Dr. Rolando Lor\u00eda Dra. Mar\u00eda Bonilla Dr. Alejandro Blanco Dr. Guillermo Recinos Dra. Juliana Ram\u00edrez Dr. Arnoldo Z\u00fa\u00f1iga Dr. Julio Arg\u00fcello Dra. Lorena Gallegos Dra. Tatiana Soto Dra. Stephanie L\u00f3pez Dra. Leonor Arce Dr. Allan Cerna Dr. Arnoldo Z\u00fa\u00f1iga Dr. Julio Arg\u00fcello Dra. Lorena Gallegos Dra. Tatiana Soto Dra. Stephanie L\u00f3pez Dra. Leonor Arce Dr. Allan Cerna Dr. Hugo Recinos Onc\u00f3logo Radioterapeuta M\u00e1s de 35 a\u00f1os de experiencia en Oncolog\u00eda Radioter\u00e1pica. El Dr Recinos se ha especializado en tratamientos de Radiocirug\u00eda cerebral y corporal. Posee amplia experiencia tratamiento de lesiones cerebrales, tumores metast\u00e1sicos, tratamientos de c\u00e1ncer de pr\u00f3stata y m\u00e1s. Educaci\u00f3n Acad\u00e9mica Doctorado en Medicina Univ. Aut\u00f3noma de Centro Am\u00e9rica, Costa Rica | Desde 1984 Residencia de Medicina Interna Universidad de Costa Rica | Desde 1986 Post \u2013 Grado en Radiaci\u00f3n Oncol\u00f3gica Universidad de Costa Rica | Desde 1989 Planificaci\u00f3n de tratamientos de radioterapia en 3D Hospital Universitario de Caracas | Desde 1992 Curso de entrenamiento en Braquiterapia de alta Tasa De Dosis para Cancer ginecol\u00f3gico INCan &#8211; M\u00e9xico | Desde 1994 Programa de entrenamiento en Radiaci\u00f3n oncol\u00f3gica Comprehensive Cancer Center \u2013 Florida | Desde 1998 Experiencia Laboral Jefe del Servicio de Radioterapia Dep. de Hemato-Oncolog\u00eda Hospital San Juan De Dios| 2003 &#8211; 2016 Medico Asistente en el Servicio de Radioterapia Hospital San Juan de Dios.| 1992 &#8211; 2003 Asistente en Medicina Interna. Emergencias Hospital San Juan Dios| 1998 &#8211; 1994 Servicio M\u00e9dico Social Hospital Dr. Carlos Lu\u00eds Valverde Vega| 1986 &#8211; 1985<\/p>","protected":false},"author":1,"featured_media":205,"comment_status":"open","ping_status":"open","sticky":false,"template":"elementor_header_footer","format":"standard","meta":{"_acf_changed":false,"inline_featured_image":false,"_joinchat":[],"footnotes":""},"categories":[5],"tags":[],"class_list":["post-202","post","type-post","status-publish","format-standard","has-post-thumbnail","hentry","category-medicos"],"acf":[],"yoast_head":"<!-- This site is optimized with the Yoast SEO plugin v25.2 - https:\/\/yoast.com\/wordpress\/plugins\/seo\/ -->\n<title>Dr. Hugo Recinos - SigloXXI - Centro Me\u0301dico de Radioterapia<\/title>\n<meta name=\"robots\" content=\"index, follow, max-snippet:-1, max-image-preview:large, max-video-preview:-1\" \/>\n<link rel=\"canonical\" href=\"https:\/\/siglo21.cr\/eng\/2024\/04\/22\/dr-hugo-recinos\/\" \/>\n<meta property=\"og:locale\" content=\"en_US\" \/>\n<meta property=\"og:type\" content=\"article\" \/>\n<meta property=\"og:title\" content=\"Dr. Hugo Recinos - SigloXXI - Centro Me\u0301dico de Radioterapia\" \/>\n<meta property=\"og:description\" content=\"Dr. Luis Garc\u00eda Dr. Hugo Recinos Dr. Rolando Lor\u00eda Dra. Mar\u00eda Bonilla Dr. Alejandro Blanco Dr. Guillermo Recinos Dra. Juliana Ram\u00edrez Dr. Luis Garc\u00eda Dr. Hugo Recinos Dr. Rolando Lor\u00eda Dra. Mar\u00eda Bonilla Dr. Alejandro Blanco Dr. Guillermo Recinos Dra. Juliana Ram\u00edrez Dr. Arnoldo Z\u00fa\u00f1iga Dr. Julio Arg\u00fcello Dra. Lorena Gallegos Dra. Tatiana Soto Dra. Stephanie L\u00f3pez Dra. Leonor Arce Dr. Allan Cerna Dr. Arnoldo Z\u00fa\u00f1iga Dr. Julio Arg\u00fcello Dra. Lorena Gallegos Dra. Tatiana Soto Dra. Stephanie L\u00f3pez Dra. Leonor Arce Dr. Allan Cerna Dr. Hugo Recinos Onc\u00f3logo Radioterapeuta M\u00e1s de 35 a\u00f1os de experiencia en Oncolog\u00eda Radioter\u00e1pica. El Dr Recinos se ha especializado en tratamientos de Radiocirug\u00eda cerebral y corporal. Posee amplia experiencia tratamiento de lesiones cerebrales, tumores metast\u00e1sicos, tratamientos de c\u00e1ncer de pr\u00f3stata y m\u00e1s. Educaci\u00f3n Acad\u00e9mica Doctorado en Medicina Univ. Aut\u00f3noma de Centro Am\u00e9rica, Costa Rica | Desde 1984 Residencia de Medicina Interna Universidad de Costa Rica | Desde 1986 Post \u2013 Grado en Radiaci\u00f3n Oncol\u00f3gica Universidad de Costa Rica | Desde 1989 Planificaci\u00f3n de tratamientos de radioterapia en 3D Hospital Universitario de Caracas | Desde 1992 Curso de entrenamiento en Braquiterapia de alta Tasa De Dosis para Cancer ginecol\u00f3gico INCan &#8211; M\u00e9xico | Desde 1994 Programa de entrenamiento en Radiaci\u00f3n oncol\u00f3gica Comprehensive Cancer Center \u2013 Florida | Desde 1998 Experiencia Laboral Jefe del Servicio de Radioterapia Dep. de Hemato-Oncolog\u00eda Hospital San Juan De Dios| 2003 &#8211; 2016 Medico Asistente en el Servicio de Radioterapia Hospital San Juan de Dios.| 1992 &#8211; 2003 Asistente en Medicina Interna. Emergencias Hospital San Juan Dios| 1998 &#8211; 1994 Servicio M\u00e9dico Social Hospital Dr. Carlos Lu\u00eds Valverde Vega| 1986 &#8211; 1985\" \/>\n<meta property=\"og:url\" content=\"https:\/\/siglo21.cr\/eng\/2024\/04\/22\/dr-hugo-recinos\/\" \/>\n<meta property=\"og:site_name\" content=\"SigloXXI - Centro Me\u0301dico de Radioterapia\" \/>\n<meta property=\"article:publisher\" content=\"https:\/\/www.facebook.com\/sigloXXIcr\/\" \/>\n<meta property=\"article:published_time\" content=\"2024-04-22T18:04:48+00:00\" \/>\n<meta property=\"article:modified_time\" content=\"2024-05-29T20:11:34+00:00\" \/>\n<meta property=\"og:image\" content=\"https:\/\/siglo21.cr\/wp-content\/uploads\/2024\/04\/doctor-hugo-recinos.jpg\" \/>\n\t<meta property=\"og:image:width\" content=\"200\" \/>\n\t<meta property=\"og:image:height\" content=\"300\" \/>\n\t<meta property=\"og:image:type\" content=\"image\/jpeg\" \/>\n<meta name=\"author\" content=\"soporte\" \/>\n<meta name=\"twitter:card\" content=\"summary_large_image\" \/>\n<meta name=\"twitter:creator\" content=\"@siglo21cr\" \/>\n<meta name=\"twitter:site\" content=\"@siglo21cr\" \/>\n<meta name=\"twitter:label1\" content=\"Written by\" \/>\n\t<meta name=\"twitter:data1\" content=\"soporte\" \/>\n\t<meta name=\"twitter:label2\" content=\"Est. reading time\" \/>\n\t<meta name=\"twitter:data2\" content=\"1 minute\" \/>\n<script type=\"application\/ld+json\" class=\"yoast-schema-graph\">{\"@context\":\"https:\/\/schema.org\",\"@graph\":[{\"@type\":\"Article\",\"@id\":\"https:\/\/siglo21.cr\/2024\/04\/22\/dr-hugo-recinos\/#article\",\"isPartOf\":{\"@id\":\"https:\/\/siglo21.cr\/2024\/04\/22\/dr-hugo-recinos\/\"},\"author\":{\"name\":\"soporte\",\"@id\":\"https:\/\/siglo21.cr\/#\/schema\/person\/17fc219c284ae2601c3ec04775a53f8f\"},\"headline\":\"Dr. Hugo Recinos\",\"datePublished\":\"2024-04-22T18:04:48+00:00\",\"dateModified\":\"2024-05-29T20:11:34+00:00\",\"mainEntityOfPage\":{\"@id\":\"https:\/\/siglo21.cr\/2024\/04\/22\/dr-hugo-recinos\/\"},\"wordCount\":288,\"commentCount\":0,\"publisher\":{\"@id\":\"https:\/\/siglo21.cr\/#organization\"},\"image\":{\"@id\":\"https:\/\/siglo21.cr\/2024\/04\/22\/dr-hugo-recinos\/#primaryimage\"},\"thumbnailUrl\":\"https:\/\/siglo21.cr\/wp-content\/uploads\/2024\/04\/doctor-hugo-recinos.jpg\",\"articleSection\":[\"M\u00e9dicos\"],\"inLanguage\":\"en-US\",\"potentialAction\":[{\"@type\":\"CommentAction\",\"name\":\"Comment\",\"target\":[\"https:\/\/siglo21.cr\/2024\/04\/22\/dr-hugo-recinos\/#respond\"]}]},{\"@type\":\"WebPage\",\"@id\":\"https:\/\/siglo21.cr\/2024\/04\/22\/dr-hugo-recinos\/\",\"url\":\"https:\/\/siglo21.cr\/2024\/04\/22\/dr-hugo-recinos\/\",\"name\":\"Dr. Hugo Recinos - SigloXXI - Centro Me\u0301dico de Radioterapia\",\"isPartOf\":{\"@id\":\"https:\/\/siglo21.cr\/#website\"},\"primaryImageOfPage\":{\"@id\":\"https:\/\/siglo21.cr\/2024\/04\/22\/dr-hugo-recinos\/#primaryimage\"},\"image\":{\"@id\":\"https:\/\/siglo21.cr\/2024\/04\/22\/dr-hugo-recinos\/#primaryimage\"},\"thumbnailUrl\":\"https:\/\/siglo21.cr\/wp-content\/uploads\/2024\/04\/doctor-hugo-recinos.jpg\",\"datePublished\":\"2024-04-22T18:04:48+00:00\",\"dateModified\":\"2024-05-29T20:11:34+00:00\",\"breadcrumb\":{\"@id\":\"https:\/\/siglo21.cr\/2024\/04\/22\/dr-hugo-recinos\/#breadcrumb\"},\"inLanguage\":\"en-US\",\"potentialAction\":[{\"@type\":\"ReadAction\",\"target\":[\"https:\/\/siglo21.cr\/2024\/04\/22\/dr-hugo-recinos\/\"]}]},{\"@type\":\"ImageObject\",\"inLanguage\":\"en-US\",\"@id\":\"https:\/\/siglo21.cr\/2024\/04\/22\/dr-hugo-recinos\/#primaryimage\",\"url\":\"https:\/\/siglo21.cr\/wp-content\/uploads\/2024\/04\/doctor-hugo-recinos.jpg\",\"contentUrl\":\"https:\/\/siglo21.cr\/wp-content\/uploads\/2024\/04\/doctor-hugo-recinos.jpg\",\"width\":200,\"height\":300},{\"@type\":\"BreadcrumbList\",\"@id\":\"https:\/\/siglo21.cr\/2024\/04\/22\/dr-hugo-recinos\/#breadcrumb\",\"itemListElement\":[{\"@type\":\"ListItem\",\"position\":1,\"name\":\"Portada\",\"item\":\"https:\/\/siglo21.cr\/\"},{\"@type\":\"ListItem\",\"position\":2,\"name\":\"Dr. Hugo Recinos\"}]},{\"@type\":\"WebSite\",\"@id\":\"https:\/\/siglo21.cr\/#website\",\"url\":\"https:\/\/siglo21.cr\/\",\"name\":\"SigloXXI - Centro Me\u0301dico de Radioterapia\",\"description\":\"Centro me\u0301dico de Radioterapia Siglo XXI esta\u0301 enfocado en la atencio\u0301n del paciente oncolo\u0301gico, alta tecnologi\u0301a para combatir el ca\u0301ncer\",\"publisher\":{\"@id\":\"https:\/\/siglo21.cr\/#organization\"},\"potentialAction\":[{\"@type\":\"SearchAction\",\"target\":{\"@type\":\"EntryPoint\",\"urlTemplate\":\"https:\/\/siglo21.cr\/?s={search_term_string}\"},\"query-input\":{\"@type\":\"PropertyValueSpecification\",\"valueRequired\":true,\"valueName\":\"search_term_string\"}}],\"inLanguage\":\"en-US\"},{\"@type\":\"Organization\",\"@id\":\"https:\/\/siglo21.cr\/#organization\",\"name\":\"SigloXXI - Centro Me\u0301dico de Radioterapia\",\"url\":\"https:\/\/siglo21.cr\/\",\"logo\":{\"@type\":\"ImageObject\",\"inLanguage\":\"en-US\",\"@id\":\"https:\/\/siglo21.cr\/#\/schema\/logo\/image\/\",\"url\":\"https:\/\/siglo21.cr\/wp-content\/uploads\/2024\/04\/logo-siglo-21-radioterapia.png\",\"contentUrl\":\"https:\/\/siglo21.cr\/wp-content\/uploads\/2024\/04\/logo-siglo-21-radioterapia.png\",\"width\":255,\"height\":90,\"caption\":\"SigloXXI - Centro Me\u0301dico de Radioterapia\"},\"image\":{\"@id\":\"https:\/\/siglo21.cr\/#\/schema\/logo\/image\/\"},\"sameAs\":[\"https:\/\/www.facebook.com\/sigloXXIcr\/\",\"https:\/\/x.com\/siglo21cr\",\"https:\/\/www.instagram.com\/radioterapia_siglo21\/\",\"https:\/\/www.youtube.com\/channel\/UCOp1HTiyQqULVE_JHqIX_zQ\"]},{\"@type\":\"Person\",\"@id\":\"https:\/\/siglo21.cr\/#\/schema\/person\/17fc219c284ae2601c3ec04775a53f8f\",\"name\":\"soporte\",\"image\":{\"@type\":\"ImageObject\",\"inLanguage\":\"en-US\",\"@id\":\"https:\/\/siglo21.cr\/#\/schema\/person\/image\/\",\"url\":\"https:\/\/secure.gravatar.com\/avatar\/57145a56b9404c6d56f633c793f27ec096f84bc89acfab45c6ec947c5e9d08e2?s=96&d=mm&r=g\",\"contentUrl\":\"https:\/\/secure.gravatar.com\/avatar\/57145a56b9404c6d56f633c793f27ec096f84bc89acfab45c6ec947c5e9d08e2?s=96&d=mm&r=g\",\"caption\":\"soporte\"},\"sameAs\":[\"https:\/\/siglo21.cr.sinlimitescr.xyz\"],\"url\":\"https:\/\/siglo21.cr\/eng\/author\/soporte\/\"}]}<\/script>\n<!-- \/ Yoast SEO plugin. -->","yoast_head_json":{"title":"Dr. Hugo Recinos - SigloXXI - Centro Me\u0301dico de Radioterapia","robots":{"index":"index","follow":"follow","max-snippet":"max-snippet:-1","max-image-preview":"max-image-preview:large","max-video-preview":"max-video-preview:-1"},"canonical":"https:\/\/siglo21.cr\/eng\/2024\/04\/22\/dr-hugo-recinos\/","og_locale":"en_US","og_type":"article","og_title":"Dr. Hugo Recinos - SigloXXI - Centro Me\u0301dico de Radioterapia","og_description":"Dr. Luis Garc\u00eda Dr. Hugo Recinos Dr. Rolando Lor\u00eda Dra. Mar\u00eda Bonilla Dr. Alejandro Blanco Dr. Guillermo Recinos Dra. Juliana Ram\u00edrez Dr. Luis Garc\u00eda Dr. Hugo Recinos Dr. Rolando Lor\u00eda Dra. Mar\u00eda Bonilla Dr. Alejandro Blanco Dr. Guillermo Recinos Dra. Juliana Ram\u00edrez Dr. Arnoldo Z\u00fa\u00f1iga Dr. Julio Arg\u00fcello Dra. Lorena Gallegos Dra. Tatiana Soto Dra. Stephanie L\u00f3pez Dra. Leonor Arce Dr. Allan Cerna Dr. Arnoldo Z\u00fa\u00f1iga Dr. Julio Arg\u00fcello Dra. Lorena Gallegos Dra. Tatiana Soto Dra. Stephanie L\u00f3pez Dra. Leonor Arce Dr. Allan Cerna Dr. Hugo Recinos Onc\u00f3logo Radioterapeuta M\u00e1s de 35 a\u00f1os de experiencia en Oncolog\u00eda Radioter\u00e1pica. El Dr Recinos se ha especializado en tratamientos de Radiocirug\u00eda cerebral y corporal. Posee amplia experiencia tratamiento de lesiones cerebrales, tumores metast\u00e1sicos, tratamientos de c\u00e1ncer de pr\u00f3stata y m\u00e1s. Educaci\u00f3n Acad\u00e9mica Doctorado en Medicina Univ. Aut\u00f3noma de Centro Am\u00e9rica, Costa Rica | Desde 1984 Residencia de Medicina Interna Universidad de Costa Rica | Desde 1986 Post \u2013 Grado en Radiaci\u00f3n Oncol\u00f3gica Universidad de Costa Rica | Desde 1989 Planificaci\u00f3n de tratamientos de radioterapia en 3D Hospital Universitario de Caracas | Desde 1992 Curso de entrenamiento en Braquiterapia de alta Tasa De Dosis para Cancer ginecol\u00f3gico INCan &#8211; M\u00e9xico | Desde 1994 Programa de entrenamiento en Radiaci\u00f3n oncol\u00f3gica Comprehensive Cancer Center \u2013 Florida | Desde 1998 Experiencia Laboral Jefe del Servicio de Radioterapia Dep. de Hemato-Oncolog\u00eda Hospital San Juan De Dios| 2003 &#8211; 2016 Medico Asistente en el Servicio de Radioterapia Hospital San Juan de Dios.| 1992 &#8211; 2003 Asistente en Medicina Interna. Emergencias Hospital San Juan Dios| 1998 &#8211; 1994 Servicio M\u00e9dico Social Hospital Dr. Carlos Lu\u00eds Valverde Vega| 1986 &#8211; 1985","og_url":"https:\/\/siglo21.cr\/eng\/2024\/04\/22\/dr-hugo-recinos\/","og_site_name":"SigloXXI - Centro Me\u0301dico de Radioterapia","article_publisher":"https:\/\/www.facebook.com\/sigloXXIcr\/","article_published_time":"2024-04-22T18:04:48+00:00","article_modified_time":"2024-05-29T20:11:34+00:00","og_image":[{"width":200,"height":300,"url":"https:\/\/siglo21.cr\/wp-content\/uploads\/2024\/04\/doctor-hugo-recinos.jpg","type":"image\/jpeg"}],"author":"soporte","twitter_card":"summary_large_image","twitter_creator":"@siglo21cr","twitter_site":"@siglo21cr","twitter_misc":{"Written by":"soporte","Est. reading time":"1 minute"},"schema":{"@context":"https:\/\/schema.org","@graph":[{"@type":"Article","@id":"https:\/\/siglo21.cr\/2024\/04\/22\/dr-hugo-recinos\/#article","isPartOf":{"@id":"https:\/\/siglo21.cr\/2024\/04\/22\/dr-hugo-recinos\/"},"author":{"name":"soporte","@id":"https:\/\/siglo21.cr\/#\/schema\/person\/17fc219c284ae2601c3ec04775a53f8f"},"headline":"Dr. Hugo Recinos","datePublished":"2024-04-22T18:04:48+00:00","dateModified":"2024-05-29T20:11:34+00:00","mainEntityOfPage":{"@id":"https:\/\/siglo21.cr\/2024\/04\/22\/dr-hugo-recinos\/"},"wordCount":288,"commentCount":0,"publisher":{"@id":"https:\/\/siglo21.cr\/#organization"},"image":{"@id":"https:\/\/siglo21.cr\/2024\/04\/22\/dr-hugo-recinos\/#primaryimage"},"thumbnailUrl":"https:\/\/siglo21.cr\/wp-content\/uploads\/2024\/04\/doctor-hugo-recinos.jpg","articleSection":["M\u00e9dicos"],"inLanguage":"en-US","potentialAction":[{"@type":"CommentAction","name":"Comment","target":["https:\/\/siglo21.cr\/2024\/04\/22\/dr-hugo-recinos\/#respond"]}]},{"@type":"WebPage","@id":"https:\/\/siglo21.cr\/2024\/04\/22\/dr-hugo-recinos\/","url":"https:\/\/siglo21.cr\/2024\/04\/22\/dr-hugo-recinos\/","name":"Dr. Hugo Recinos - SigloXXI - Centro Me\u0301dico de Radioterapia","isPartOf":{"@id":"https:\/\/siglo21.cr\/#website"},"primaryImageOfPage":{"@id":"https:\/\/siglo21.cr\/2024\/04\/22\/dr-hugo-recinos\/#primaryimage"},"image":{"@id":"https:\/\/siglo21.cr\/2024\/04\/22\/dr-hugo-recinos\/#primaryimage"},"thumbnailUrl":"https:\/\/siglo21.cr\/wp-content\/uploads\/2024\/04\/doctor-hugo-recinos.jpg","datePublished":"2024-04-22T18:04:48+00:00","dateModified":"2024-05-29T20:11:34+00:00","breadcrumb":{"@id":"https:\/\/siglo21.cr\/2024\/04\/22\/dr-hugo-recinos\/#breadcrumb"},"inLanguage":"en-US","potentialAction":[{"@type":"ReadAction","target":["https:\/\/siglo21.cr\/2024\/04\/22\/dr-hugo-recinos\/"]}]},{"@type":"ImageObject","inLanguage":"en-US","@id":"https:\/\/siglo21.cr\/2024\/04\/22\/dr-hugo-recinos\/#primaryimage","url":"https:\/\/siglo21.cr\/wp-content\/uploads\/2024\/04\/doctor-hugo-recinos.jpg","contentUrl":"https:\/\/siglo21.cr\/wp-content\/uploads\/2024\/04\/doctor-hugo-recinos.jpg","width":200,"height":300},{"@type":"BreadcrumbList","@id":"https:\/\/siglo21.cr\/2024\/04\/22\/dr-hugo-recinos\/#breadcrumb","itemListElement":[{"@type":"ListItem","position":1,"name":"Portada","item":"https:\/\/siglo21.cr\/"},{"@type":"ListItem","position":2,"name":"Dr. Hugo Recinos"}]},{"@type":"WebSite","@id":"https:\/\/siglo21.cr\/#website","url":"https:\/\/siglo21.cr\/","name":"SigloXXI - Centro Me\u0301dico de Radioterapia","description":"Centro me\u0301dico de Radioterapia Siglo XXI esta\u0301 enfocado en la atencio\u0301n del paciente oncolo\u0301gico, alta tecnologi\u0301a para combatir el ca\u0301ncer","publisher":{"@id":"https:\/\/siglo21.cr\/#organization"},"potentialAction":[{"@type":"SearchAction","target":{"@type":"EntryPoint","urlTemplate":"https:\/\/siglo21.cr\/?s={search_term_string}"},"query-input":{"@type":"PropertyValueSpecification","valueRequired":true,"valueName":"search_term_string"}}],"inLanguage":"en-US"},{"@type":"Organization","@id":"https:\/\/siglo21.cr\/#organization","name":"SigloXXI - Centro Me\u0301dico de Radioterapia","url":"https:\/\/siglo21.cr\/","logo":{"@type":"ImageObject","inLanguage":"en-US","@id":"https:\/\/siglo21.cr\/#\/schema\/logo\/image\/","url":"https:\/\/siglo21.cr\/wp-content\/uploads\/2024\/04\/logo-siglo-21-radioterapia.png","contentUrl":"https:\/\/siglo21.cr\/wp-content\/uploads\/2024\/04\/logo-siglo-21-radioterapia.png","width":255,"height":90,"caption":"SigloXXI - Centro Me\u0301dico de Radioterapia"},"image":{"@id":"https:\/\/siglo21.cr\/#\/schema\/logo\/image\/"},"sameAs":["https:\/\/www.facebook.com\/sigloXXIcr\/","https:\/\/x.com\/siglo21cr","https:\/\/www.instagram.com\/radioterapia_siglo21\/","https:\/\/www.youtube.com\/channel\/UCOp1HTiyQqULVE_JHqIX_zQ"]},{"@type":"Person","@id":"https:\/\/siglo21.cr\/#\/schema\/person\/17fc219c284ae2601c3ec04775a53f8f","name":"soporte","image":{"@type":"ImageObject","inLanguage":"en-US","@id":"https:\/\/siglo21.cr\/#\/schema\/person\/image\/","url":"https:\/\/secure.gravatar.com\/avatar\/57145a56b9404c6d56f633c793f27ec096f84bc89acfab45c6ec947c5e9d08e2?s=96&d=mm&r=g","contentUrl":"https:\/\/secure.gravatar.com\/avatar\/57145a56b9404c6d56f633c793f27ec096f84bc89acfab45c6ec947c5e9d08e2?s=96&d=mm&r=g","caption":"soporte"},"sameAs":["https:\/\/siglo21.cr.sinlimitescr.xyz"],"url":"https:\/\/siglo21.cr\/eng\/author\/soporte\/"}]}},"_links":{"self":[{"href":"https:\/\/siglo21.cr\/eng\/wp-json\/wp\/v2\/posts\/202","targetHints":{"allow":["GET"]}}],"collection":[{"href":"https:\/\/siglo21.cr\/eng\/wp-json\/wp\/v2\/posts"}],"about":[{"href":"https:\/\/siglo21.cr\/eng\/wp-json\/wp\/v2\/types\/post"}],"author":[{"embeddable":true,"href":"https:\/\/siglo21.cr\/eng\/wp-json\/wp\/v2\/users\/1"}],"replies":[{"embeddable":true,"href":"https:\/\/siglo21.cr\/eng\/wp-json\/wp\/v2\/comments?post=202"}],"version-history":[{"count":34,"href":"https:\/\/siglo21.cr\/eng\/wp-json\/wp\/v2\/posts\/202\/revisions"}],"predecessor-version":[{"id":1417,"href":"https:\/\/siglo21.cr\/eng\/wp-json\/wp\/v2\/posts\/202\/revisions\/1417"}],"wp:featuredmedia":[{"embeddable":true,"href":"https:\/\/siglo21.cr\/eng\/wp-json\/wp\/v2\/media\/205"}],"wp:attachment":[{"href":"https:\/\/siglo21.cr\/eng\/wp-json\/wp\/v2\/media?parent=202"}],"wp:term":[{"taxonomy":"category","embeddable":true,"href":"https:\/\/siglo21.cr\/eng\/wp-json\/wp\/v2\/categories?post=202"},{"taxonomy":"post_tag","embeddable":true,"href":"https:\/\/siglo21.cr\/eng\/wp-json\/wp\/v2\/tags?post=202"}],"curies":[{"name":"wp","href":"https:\/\/api.w.org\/{rel}","templated":true}]}}