{"id":277,"date":"2024-04-23T20:38:31","date_gmt":"2024-04-23T20:38:31","guid":{"rendered":"https:\/\/siglo21.cr.sinlimitescr.xyz\/?p=277"},"modified":"2025-06-04T18:28:05","modified_gmt":"2025-06-05T00:28:05","slug":"cancer-de-cabeza-y-cuello","status":"publish","type":"post","link":"https:\/\/siglo21.cr\/eng\/2024\/04\/23\/cancer-de-cabeza-y-cuello\/","title":{"rendered":"Head and neck cancer"},"content":{"rendered":"<div data-elementor-type=\"wp-post\" data-elementor-id=\"277\" class=\"elementor elementor-277\">\n\t\t\t\t<div class=\"elementor-element elementor-element-5463b9b5 e-con-full e-flex wpr-particle-no wpr-jarallax-no wpr-parallax-no wpr-sticky-section-no e-con e-parent\" data-id=\"5463b9b5\" data-element_type=\"container\">\n\t\t\t\t<div class=\"elementor-element elementor-element-281e6bba elementor-widget elementor-widget-heading\" data-id=\"281e6bba\" data-element_type=\"widget\" data-widget_type=\"heading.default\">\n\t\t\t\t<div class=\"elementor-widget-container\">\n\t\t\t\t\t<h2 class=\"elementor-heading-title elementor-size-default\">Head and neck cancer<\/h2>\t\t\t\t<\/div>\n\t\t\t\t<\/div>\n\t\t\t\t<\/div>\n\t\t<div class=\"elementor-element elementor-element-52871490 e-con-full e-flex wpr-particle-no wpr-jarallax-no wpr-parallax-no wpr-sticky-section-no e-con e-parent\" data-id=\"52871490\" data-element_type=\"container\">\n\t\t<div class=\"elementor-element elementor-element-652e8486 e-con-full e-flex wpr-particle-no wpr-jarallax-no wpr-parallax-no wpr-sticky-section-no e-con e-child\" data-id=\"652e8486\" data-element_type=\"container\">\n\t\t\t\t<div class=\"elementor-element elementor-element-3197f869 elementor-widget elementor-widget-image\" data-id=\"3197f869\" data-element_type=\"widget\" data-widget_type=\"image.default\">\n\t\t\t\t<div class=\"elementor-widget-container\">\n\t\t\t\t\t\t\t\t\t\t\t\t\t\t\t<img fetchpriority=\"high\" decoding=\"async\" width=\"800\" height=\"600\" src=\"https:\/\/siglo21.cr\/wp-content\/uploads\/2024\/04\/cancer-de-cabeza-y-cuello-2.jpg\" class=\"attachment-large size-large wp-image-747\" alt=\"\" srcset=\"https:\/\/siglo21.cr\/wp-content\/uploads\/2024\/04\/cancer-de-cabeza-y-cuello-2.jpg 800w, https:\/\/siglo21.cr\/wp-content\/uploads\/2024\/04\/cancer-de-cabeza-y-cuello-2-300x225.jpg 300w, https:\/\/siglo21.cr\/wp-content\/uploads\/2024\/04\/cancer-de-cabeza-y-cuello-2-768x576.jpg 768w, https:\/\/siglo21.cr\/wp-content\/uploads\/2024\/04\/cancer-de-cabeza-y-cuello-2-16x12.jpg 16w\" sizes=\"(max-width: 800px) 100vw, 800px\" \/>\t\t\t\t\t\t\t\t\t\t\t\t\t\t\t<\/div>\n\t\t\t\t<\/div>\n\t\t\t\t<\/div>\n\t\t<div class=\"elementor-element elementor-element-4c91edf5 e-con-full e-flex wpr-particle-no wpr-jarallax-no wpr-parallax-no wpr-sticky-section-no e-con e-child\" data-id=\"4c91edf5\" data-element_type=\"container\" data-settings=\"{&quot;background_background&quot;:&quot;classic&quot;}\">\n\t\t\t\t<div class=\"elementor-element elementor-element-765058ff elementor-widget elementor-widget-heading\" data-id=\"765058ff\" data-element_type=\"widget\" data-widget_type=\"heading.default\">\n\t\t\t\t<div class=\"elementor-widget-container\">\n\t\t\t\t\t<h2 class=\"elementor-heading-title elementor-size-default\">What is head and neck cancer?\n<\/h2>\t\t\t\t<\/div>\n\t\t\t\t<\/div>\n\t\t\t\t<div class=\"elementor-element elementor-element-545988fe elementor-widget elementor-widget-text-editor\" data-id=\"545988fe\" data-element_type=\"widget\" data-widget_type=\"text-editor.default\">\n\t\t\t\t<div class=\"elementor-widget-container\">\n\t\t\t\t\t\t\t\t\t<div class=\"page\" title=\"Page 1\"><div class=\"section\"><div class=\"layoutArea\"><div class=\"column\"><div class=\"page\" title=\"Page 1\"><div class=\"section\"><div class=\"layoutArea\"><div class=\"column\"><p>Head and neck cancers generally begin in the squamous cells that line the moist, mucosal surfaces inside the head and neck.<\/p><p>Head and neck cancers are categorized based on the area of the head or neck where they begin. These areas include:\u00a0<strong>Oral cavity<\/strong>,\u00a0<strong>Pharynx<\/strong>,\u00a0<strong>Larynx<\/strong>,\u00a0<strong>Paranasal sinuses, nasal cavity and<\/strong>,\u00a0<strong>Salivary glands<\/strong>.<\/p><p>Cancers of the brain, eye, thyroid gland, as well as those of the scalp, bones, and muscles of the head and neck are not generally classified as head and neck cancers.<\/p><\/div><\/div><\/div><\/div><\/div><\/div><\/div><\/div>\t\t\t\t\t\t\t\t<\/div>\n\t\t\t\t<\/div>\n\t\t\t\t<\/div>\n\t\t\t\t<\/div>\n\t\t<div class=\"elementor-element elementor-element-1437c254 e-con-full e-flex wpr-particle-no wpr-jarallax-no wpr-parallax-no wpr-sticky-section-no e-con e-parent\" data-id=\"1437c254\" data-element_type=\"container\">\n\t\t<div class=\"elementor-element elementor-element-1154c9bd e-con-full e-flex wpr-particle-no wpr-jarallax-no wpr-parallax-no wpr-sticky-section-no e-con e-child\" data-id=\"1154c9bd\" data-element_type=\"container\">\n\t\t\t\t<div class=\"elementor-element elementor-element-33887d24 elementor-widget elementor-widget-text-editor\" data-id=\"33887d24\" data-element_type=\"widget\" data-widget_type=\"text-editor.default\">\n\t\t\t\t<div class=\"elementor-widget-container\">\n\t\t\t\t\t\t\t\t\t<div class=\"page\" title=\"Page 1\"><div class=\"layoutArea\"><div class=\"column\"><p>Below are the details of some of these treatments:<\/p><\/div><\/div><\/div><h2><span style=\"color: #0066b3;\">4D RADIOTHERAPY:\u00a0<\/span><\/h2><p><span style=\"text-decoration: underline;\">The treatment is synchronized with the patient\u2019s breathing.<\/span> This innovative radiotherapy technique benefits patients with tumors in mobile areas by taking into account<span style=\"font-size: 1rem;\">\u00a0the patient\u2019s respiratory cycle.<\/span><\/p><p>To achieve this, the imaging system<span style=\"font-size: 1rem;\">captures images of the treatment area in the various positions it may take during the breathing cycle.\u00a0<\/span><\/p><p>This technique is used in injuries in which the treated area has a lot of involuntary mobility.<\/p><p>Through the use of IMRT, or Intensity-Modulated Radiation Therapy, patients receive high doses of treatment with millimeter-level precision.<\/p><p>T<em>his translates into fewer side effects, better preservation of healthy tissue, and greater optimization of the patient's treatment time.<\/em><\/p><p>In addition, with the new 4D radiotherapy technology, the patient's breathing cycles are taken into account during treatment planning.<\/p><p>In this way, the equipment and dosage are calibrated to deliver treatment doses during the most optimal phases of the respiratory cycle, increasing the effectiveness and precision of treating mobile tumors or lesions.<\/p>\t\t\t\t\t\t\t\t<\/div>\n\t\t\t\t<\/div>\n\t\t\t\t<\/div>\n\t\t<div class=\"elementor-element elementor-element-4019a84b e-con-full e-flex wpr-particle-no wpr-jarallax-no wpr-parallax-no wpr-sticky-section-no e-con e-child\" data-id=\"4019a84b\" data-element_type=\"container\">\n\t\t\t\t<div class=\"elementor-element elementor-element-2340f354 elementor-widget elementor-widget-text-editor\" data-id=\"2340f354\" data-element_type=\"widget\" data-widget_type=\"text-editor.default\">\n\t\t\t\t<div class=\"elementor-widget-container\">\n\t\t\t\t\t\t\t\t\t<h2><span style=\"color: #0066b3;\">IMAGE GUIDED RADIOTHERAPY (IGRT):\u00a0<\/span><\/h2><p><span style=\"font-size: 1rem;\">Combina im\u00e1genes de tomograf\u00edas computarizadas con radioterapia durante cada sesi\u00f3n de tratamiento, e<\/span><span style=\"font-size: 1rem;\">sto permite determinar la forma m\u00e1s precisa posible el \u00e1rea a tratar.<\/span><\/p><p>Esta tecnolog\u00eda ubica al paciente en el punto exacto para irradiar casi de forma exclusiva la lesi\u00f3n y no da\u00f1ar \u00f3rganos importantes.<\/p><p>Esta tecnolog\u00eda no est\u00e1 disponible en sistemas de radioterapia convencionales.<\/p><h2><span style=\"color: #0066b3;\">INTENSITY MODULATED RADIOTHERAPY (IMRT):\u00a0<\/span><\/h2><p>This technology allows for the delivery of precise radiation doses to a tumor or specific areas within a tumor while reducing doses to healthy tissues.<\/p><p>Combined with the advantages of our linear accelerator, which offers the so-called Arc Therapy (the ability to irradiate a lesion from 360 different angles), it guarantees the highest quality in treatment.<\/p><h2><span style=\"color: #0066b3;\">RADIOSURGERY:\u00a0<\/span><\/h2><p>High doses in few treatments (1-5 sessions). Radiosurgery or SBRT is used in the treatment of small to medium-sized tumors.<\/p><p>It is a non-surgical procedure that delivers highly focused radiation at much higher doses in just one or a few treatments.<\/p><p>This treatment is made possible thanks to the development of highly advanced technologies that allow the delivery of maximum doses within the target while minimizing the dose received by the surrounding healthy tissue.<\/p><p>The goal is to deliver doses that destroy the tumor and achieve maximum local control.<\/p>\t\t\t\t\t\t\t\t<\/div>\n\t\t\t\t<\/div>\n\t\t\t\t<\/div>\n\t\t\t\t<\/div>\n\t\t<div class=\"elementor-element elementor-element-6903adb e-flex e-con-boxed wpr-particle-no wpr-jarallax-no wpr-parallax-no wpr-sticky-section-no e-con e-parent\" data-id=\"6903adb\" data-element_type=\"container\">\n\t\t\t\t\t<div class=\"e-con-inner\">\n\t\t\t\t<div class=\"elementor-element elementor-element-fe9a11e elementor-widget elementor-widget-image\" data-id=\"fe9a11e\" data-element_type=\"widget\" data-widget_type=\"image.default\">\n\t\t\t\t<div class=\"elementor-widget-container\">\n\t\t\t\t\t\t\t\t\t\t\t\t\t\t\t<img decoding=\"async\" width=\"1000\" height=\"600\" src=\"https:\/\/siglo21.cr\/wp-content\/uploads\/2024\/04\/cancer-de-cabeza-y-cuello-horizontal-1.jpg\" class=\"attachment-large size-large wp-image-748\" alt=\"\" srcset=\"https:\/\/siglo21.cr\/wp-content\/uploads\/2024\/04\/cancer-de-cabeza-y-cuello-horizontal-1.jpg 1000w, https:\/\/siglo21.cr\/wp-content\/uploads\/2024\/04\/cancer-de-cabeza-y-cuello-horizontal-1-300x180.jpg 300w, https:\/\/siglo21.cr\/wp-content\/uploads\/2024\/04\/cancer-de-cabeza-y-cuello-horizontal-1-768x461.jpg 768w, https:\/\/siglo21.cr\/wp-content\/uploads\/2024\/04\/cancer-de-cabeza-y-cuello-horizontal-1-18x12.jpg 18w\" sizes=\"(max-width: 1000px) 100vw, 1000px\" \/>\t\t\t\t\t\t\t\t\t\t\t\t\t\t\t<\/div>\n\t\t\t\t<\/div>\n\t\t\t\t\t<\/div>\n\t\t\t\t<\/div>\n\t\t\t\t<\/div>","protected":false},"excerpt":{"rendered":"<p>C\u00e1ncer de Cabeza y Cuello \u00bfQu\u00e9 es el c\u00e1ncer de cabeza y cuello? Los c\u00e1nceres de cabeza y cuello, generalmente, comienzan en las c\u00e9lulas escamosas que revisten las superficies h\u00famedas y mucosas del interior de la cabeza y del cuello. Los c\u00e1nceres de cabeza y cuello se categorizan, de acuerdo a la zona de la cabeza o del cuello en la que empiezan. Estas zonas son:\u00a0Cavidad oral,\u00a0Faringe,\u00a0Laringe,\u00a0Senos paranasales, cavidad nasal y,\u00a0Gl\u00e1ndulas salivales. Los c\u00e1nceres de cerebro, ojo, gl\u00e1ndula tiroides as\u00ed como los de cuero cabelludo, huesos y m\u00fasculos de la cabeza y cuello no se clasifican generalmente como c\u00e1ncer de cabeza y cuello. A continuacio\u0301n, el detalle de algunas de estos tratamientos: RADIOTERAPIA EN 4D:\u00a0 Sincroniza el tratamiento con la respiraci\u00f3n del paciente. Esta novedosa t\u00e9cnica de radioterapia beneficia a pacientes con lesiones en tumores m\u00f3viles al considerar\u00a0el ciclo respiratorio del paciente. Para ello el sistema de adquisici\u00f3n de im\u00e1genes obtiene im\u00e1genes con la zona de tratamiento en las distintas posiciones que puede adoptar.\u00a0 Esta t\u00e9cnica se emplea en lesiones en las que la zona tratar tiene mucha movilidad involuntaria. Mediante la utilizaci\u00f3n de IMRT o Radioterapia de Intensidad modulada los pacientes reciben altas dosis de tratamiento de forma milim\u00e9tricamente precisa. Esto se traduce en menos efectos secundarios, mejor preservaci\u00f3n del tejido sano y mayor optimizaci\u00f3n del tiempo de tratamiento del paciente. Sumado a esto, con la nueva tecnolog\u00eda de radioterapia en 4D los ciclos respiratorios del paciente son considerados en la planificaci\u00f3n del tratamiento. De esta forma el equipo y dosis se calibrar\u00e1n para aplicar las dosis de tratamiento en las fases m\u00e1s \u00f3ptimas del ciclo respiratorio, aumentando la efectividad y precisi\u00f3n del tratamiento de aquellos tumores o lesiones m\u00f3viles. RADIOTERAPIA GUIADA POR IM\u00c1GENES (IGRT):\u00a0 Combina im\u00e1genes de tomograf\u00edas computarizadas con radioterapia durante cada sesi\u00f3n de tratamiento, esto permite determinar la forma m\u00e1s precisa posible el \u00e1rea a tratar. Esta tecnolog\u00eda ubica al paciente en el punto exacto para irradiar casi de forma exclusiva la lesi\u00f3n y no da\u00f1ar \u00f3rganos importantes. Esta tecnolog\u00eda no est\u00e1 disponible en sistemas de radioterapia convencionales. RADIOTERAPIA DE INTENSIDAD MODULADA (IMRT):\u00a0 Esta tecnolog\u00eda permite administrar dosis de radiaci\u00f3n precisas a un tumor o a \u00e1reas espec\u00edficas dentro de un tumor y reducir las dosis en tejidos sanos. Combinada con las ventajas de nuestro acelerador lineal que ofrece la llamada Arco Terapia, (que es la capacidad de irradiar una lesi\u00f3n desde 360 diferentes \u00e1ngulos), garantiza la m\u00e1s alta calidad en el tratamiento. RADIOCIRUG\u00cdA:\u00a0 Altas dosis en pocos tratamientos (1-5 sesiones). La Radiocirug\u00eda o SBRT se utiliza en el tratamiento de tumores de tama\u00f1o peque\u00f1o a mediano. Es un procedimiento no quir\u00fargico que entrega radiaci\u00f3n sumamente enfocada en dosis mucho m\u00e1s altas y en solamente uno o pocos tratamientos. Este tratamiento es posible gracias al desarrollo de tecnolog\u00edas altamente avanzadas que permiten la entrega de dosis m\u00e1ximas dentro del blanco, mientras se reducen al m\u00e1ximo la dosis que recibe le tejido sano circundante. El objetivo es administrar dosis que destruyan el tumor y logren un m\u00e1ximo control local.<\/p>","protected":false},"author":1,"featured_media":278,"comment_status":"open","ping_status":"open","sticky":false,"template":"elementor_header_footer","format":"standard","meta":{"_acf_changed":false,"inline_featured_image":false,"_joinchat":[],"footnotes":""},"categories":[6],"tags":[],"class_list":["post-277","post","type-post","status-publish","format-standard","has-post-thumbnail","hentry","category-tipos-cancer"],"acf":[],"yoast_head":"<!-- This site is optimized with the Yoast SEO plugin v25.2 - https:\/\/yoast.com\/wordpress\/plugins\/seo\/ -->\n<title>C\u00e1ncer de Cabeza y Cuello - SigloXXI - Centro Me\u0301dico de Radioterapia<\/title>\n<meta name=\"description\" content=\"Tejidos tan vitales requieren la m\u00e1s alta precisi\u00f3n que garantice los menores efectos secundarios. Radioterapia con precisi\u00f3n y exactitud.\" \/>\n<meta name=\"robots\" content=\"index, follow, max-snippet:-1, max-image-preview:large, max-video-preview:-1\" \/>\n<link rel=\"canonical\" href=\"https:\/\/siglo21.cr\/eng\/2024\/04\/23\/cancer-de-cabeza-y-cuello\/\" \/>\n<meta property=\"og:locale\" content=\"en_US\" \/>\n<meta property=\"og:type\" content=\"article\" \/>\n<meta property=\"og:title\" content=\"C\u00e1ncer de Cabeza y Cuello - SigloXXI - Centro Me\u0301dico de Radioterapia\" \/>\n<meta property=\"og:description\" content=\"Tejidos tan vitales requieren la m\u00e1s alta precisi\u00f3n que garantice los menores efectos secundarios. Radioterapia con precisi\u00f3n y exactitud.\" \/>\n<meta property=\"og:url\" content=\"https:\/\/siglo21.cr\/eng\/2024\/04\/23\/cancer-de-cabeza-y-cuello\/\" \/>\n<meta property=\"og:site_name\" content=\"SigloXXI - Centro Me\u0301dico de Radioterapia\" \/>\n<meta property=\"article:publisher\" content=\"https:\/\/www.facebook.com\/sigloXXIcr\/\" \/>\n<meta property=\"article:published_time\" content=\"2024-04-23T20:38:31+00:00\" \/>\n<meta property=\"article:modified_time\" content=\"2025-06-05T00:28:05+00:00\" \/>\n<meta property=\"og:image\" content=\"https:\/\/siglo21.cr\/wp-content\/uploads\/2024\/04\/cancer-de-cabeza-y-cuello.jpg\" \/>\n\t<meta property=\"og:image:width\" content=\"350\" \/>\n\t<meta property=\"og:image:height\" content=\"500\" \/>\n\t<meta property=\"og:image:type\" content=\"image\/jpeg\" \/>\n<meta name=\"author\" content=\"soporte\" \/>\n<meta name=\"twitter:card\" content=\"summary_large_image\" \/>\n<meta name=\"twitter:creator\" content=\"@siglo21cr\" \/>\n<meta name=\"twitter:site\" content=\"@siglo21cr\" \/>\n<meta name=\"twitter:label1\" content=\"Written by\" \/>\n\t<meta name=\"twitter:data1\" content=\"soporte\" \/>\n\t<meta name=\"twitter:label2\" content=\"Est. reading time\" \/>\n\t<meta name=\"twitter:data2\" content=\"3 minutes\" \/>\n<script type=\"application\/ld+json\" class=\"yoast-schema-graph\">{\"@context\":\"https:\/\/schema.org\",\"@graph\":[{\"@type\":\"Article\",\"@id\":\"https:\/\/siglo21.cr\/2024\/04\/23\/cancer-de-cabeza-y-cuello\/#article\",\"isPartOf\":{\"@id\":\"https:\/\/siglo21.cr\/2024\/04\/23\/cancer-de-cabeza-y-cuello\/\"},\"author\":{\"name\":\"soporte\",\"@id\":\"https:\/\/siglo21.cr\/#\/schema\/person\/17fc219c284ae2601c3ec04775a53f8f\"},\"headline\":\"C\u00e1ncer de Cabeza y Cuello\",\"datePublished\":\"2024-04-23T20:38:31+00:00\",\"dateModified\":\"2025-06-05T00:28:05+00:00\",\"mainEntityOfPage\":{\"@id\":\"https:\/\/siglo21.cr\/2024\/04\/23\/cancer-de-cabeza-y-cuello\/\"},\"wordCount\":567,\"commentCount\":0,\"publisher\":{\"@id\":\"https:\/\/siglo21.cr\/#organization\"},\"image\":{\"@id\":\"https:\/\/siglo21.cr\/2024\/04\/23\/cancer-de-cabeza-y-cuello\/#primaryimage\"},\"thumbnailUrl\":\"https:\/\/siglo21.cr\/wp-content\/uploads\/2024\/04\/cancer-de-cabeza-y-cuello.jpg\",\"articleSection\":[\"Tipos de c\u00e1ncer\"],\"inLanguage\":\"en-US\",\"potentialAction\":[{\"@type\":\"CommentAction\",\"name\":\"Comment\",\"target\":[\"https:\/\/siglo21.cr\/2024\/04\/23\/cancer-de-cabeza-y-cuello\/#respond\"]}]},{\"@type\":\"WebPage\",\"@id\":\"https:\/\/siglo21.cr\/2024\/04\/23\/cancer-de-cabeza-y-cuello\/\",\"url\":\"https:\/\/siglo21.cr\/2024\/04\/23\/cancer-de-cabeza-y-cuello\/\",\"name\":\"C\u00e1ncer de Cabeza y Cuello - SigloXXI - Centro Me\u0301dico de Radioterapia\",\"isPartOf\":{\"@id\":\"https:\/\/siglo21.cr\/#website\"},\"primaryImageOfPage\":{\"@id\":\"https:\/\/siglo21.cr\/2024\/04\/23\/cancer-de-cabeza-y-cuello\/#primaryimage\"},\"image\":{\"@id\":\"https:\/\/siglo21.cr\/2024\/04\/23\/cancer-de-cabeza-y-cuello\/#primaryimage\"},\"thumbnailUrl\":\"https:\/\/siglo21.cr\/wp-content\/uploads\/2024\/04\/cancer-de-cabeza-y-cuello.jpg\",\"datePublished\":\"2024-04-23T20:38:31+00:00\",\"dateModified\":\"2025-06-05T00:28:05+00:00\",\"description\":\"Tejidos tan vitales requieren la m\u00e1s alta precisi\u00f3n que garantice los menores efectos secundarios. Radioterapia con precisi\u00f3n y exactitud.\",\"breadcrumb\":{\"@id\":\"https:\/\/siglo21.cr\/2024\/04\/23\/cancer-de-cabeza-y-cuello\/#breadcrumb\"},\"inLanguage\":\"en-US\",\"potentialAction\":[{\"@type\":\"ReadAction\",\"target\":[\"https:\/\/siglo21.cr\/2024\/04\/23\/cancer-de-cabeza-y-cuello\/\"]}]},{\"@type\":\"ImageObject\",\"inLanguage\":\"en-US\",\"@id\":\"https:\/\/siglo21.cr\/2024\/04\/23\/cancer-de-cabeza-y-cuello\/#primaryimage\",\"url\":\"https:\/\/siglo21.cr\/wp-content\/uploads\/2024\/04\/cancer-de-cabeza-y-cuello.jpg\",\"contentUrl\":\"https:\/\/siglo21.cr\/wp-content\/uploads\/2024\/04\/cancer-de-cabeza-y-cuello.jpg\",\"width\":350,\"height\":500},{\"@type\":\"BreadcrumbList\",\"@id\":\"https:\/\/siglo21.cr\/2024\/04\/23\/cancer-de-cabeza-y-cuello\/#breadcrumb\",\"itemListElement\":[{\"@type\":\"ListItem\",\"position\":1,\"name\":\"Portada\",\"item\":\"https:\/\/siglo21.cr\/\"},{\"@type\":\"ListItem\",\"position\":2,\"name\":\"C\u00e1ncer de Cabeza y Cuello\"}]},{\"@type\":\"WebSite\",\"@id\":\"https:\/\/siglo21.cr\/#website\",\"url\":\"https:\/\/siglo21.cr\/\",\"name\":\"SigloXXI - Centro Me\u0301dico de Radioterapia\",\"description\":\"Centro me\u0301dico de Radioterapia Siglo XXI esta\u0301 enfocado en la atencio\u0301n del paciente oncolo\u0301gico, alta tecnologi\u0301a para combatir el ca\u0301ncer\",\"publisher\":{\"@id\":\"https:\/\/siglo21.cr\/#organization\"},\"potentialAction\":[{\"@type\":\"SearchAction\",\"target\":{\"@type\":\"EntryPoint\",\"urlTemplate\":\"https:\/\/siglo21.cr\/?s={search_term_string}\"},\"query-input\":{\"@type\":\"PropertyValueSpecification\",\"valueRequired\":true,\"valueName\":\"search_term_string\"}}],\"inLanguage\":\"en-US\"},{\"@type\":\"Organization\",\"@id\":\"https:\/\/siglo21.cr\/#organization\",\"name\":\"SigloXXI - Centro Me\u0301dico de Radioterapia\",\"url\":\"https:\/\/siglo21.cr\/\",\"logo\":{\"@type\":\"ImageObject\",\"inLanguage\":\"en-US\",\"@id\":\"https:\/\/siglo21.cr\/#\/schema\/logo\/image\/\",\"url\":\"https:\/\/siglo21.cr\/wp-content\/uploads\/2024\/04\/logo-siglo-21-radioterapia.png\",\"contentUrl\":\"https:\/\/siglo21.cr\/wp-content\/uploads\/2024\/04\/logo-siglo-21-radioterapia.png\",\"width\":255,\"height\":90,\"caption\":\"SigloXXI - Centro Me\u0301dico de Radioterapia\"},\"image\":{\"@id\":\"https:\/\/siglo21.cr\/#\/schema\/logo\/image\/\"},\"sameAs\":[\"https:\/\/www.facebook.com\/sigloXXIcr\/\",\"https:\/\/x.com\/siglo21cr\",\"https:\/\/www.instagram.com\/radioterapia_siglo21\/\",\"https:\/\/www.youtube.com\/channel\/UCOp1HTiyQqULVE_JHqIX_zQ\"]},{\"@type\":\"Person\",\"@id\":\"https:\/\/siglo21.cr\/#\/schema\/person\/17fc219c284ae2601c3ec04775a53f8f\",\"name\":\"soporte\",\"image\":{\"@type\":\"ImageObject\",\"inLanguage\":\"en-US\",\"@id\":\"https:\/\/siglo21.cr\/#\/schema\/person\/image\/\",\"url\":\"https:\/\/secure.gravatar.com\/avatar\/57145a56b9404c6d56f633c793f27ec096f84bc89acfab45c6ec947c5e9d08e2?s=96&d=mm&r=g\",\"contentUrl\":\"https:\/\/secure.gravatar.com\/avatar\/57145a56b9404c6d56f633c793f27ec096f84bc89acfab45c6ec947c5e9d08e2?s=96&d=mm&r=g\",\"caption\":\"soporte\"},\"sameAs\":[\"https:\/\/siglo21.cr.sinlimitescr.xyz\"],\"url\":\"https:\/\/siglo21.cr\/eng\/author\/soporte\/\"}]}<\/script>\n<!-- \/ Yoast SEO plugin. -->","yoast_head_json":{"title":"C\u00e1ncer de Cabeza y Cuello - SigloXXI - Centro Me\u0301dico de Radioterapia","description":"Tejidos tan vitales requieren la m\u00e1s alta precisi\u00f3n que garantice los menores efectos secundarios. Radioterapia con precisi\u00f3n y exactitud.","robots":{"index":"index","follow":"follow","max-snippet":"max-snippet:-1","max-image-preview":"max-image-preview:large","max-video-preview":"max-video-preview:-1"},"canonical":"https:\/\/siglo21.cr\/eng\/2024\/04\/23\/cancer-de-cabeza-y-cuello\/","og_locale":"en_US","og_type":"article","og_title":"C\u00e1ncer de Cabeza y Cuello - SigloXXI - Centro Me\u0301dico de Radioterapia","og_description":"Tejidos tan vitales requieren la m\u00e1s alta precisi\u00f3n que garantice los menores efectos secundarios. Radioterapia con precisi\u00f3n y exactitud.","og_url":"https:\/\/siglo21.cr\/eng\/2024\/04\/23\/cancer-de-cabeza-y-cuello\/","og_site_name":"SigloXXI - Centro Me\u0301dico de Radioterapia","article_publisher":"https:\/\/www.facebook.com\/sigloXXIcr\/","article_published_time":"2024-04-23T20:38:31+00:00","article_modified_time":"2025-06-05T00:28:05+00:00","og_image":[{"width":350,"height":500,"url":"https:\/\/siglo21.cr\/wp-content\/uploads\/2024\/04\/cancer-de-cabeza-y-cuello.jpg","type":"image\/jpeg"}],"author":"soporte","twitter_card":"summary_large_image","twitter_creator":"@siglo21cr","twitter_site":"@siglo21cr","twitter_misc":{"Written by":"soporte","Est. reading time":"3 minutes"},"schema":{"@context":"https:\/\/schema.org","@graph":[{"@type":"Article","@id":"https:\/\/siglo21.cr\/2024\/04\/23\/cancer-de-cabeza-y-cuello\/#article","isPartOf":{"@id":"https:\/\/siglo21.cr\/2024\/04\/23\/cancer-de-cabeza-y-cuello\/"},"author":{"name":"soporte","@id":"https:\/\/siglo21.cr\/#\/schema\/person\/17fc219c284ae2601c3ec04775a53f8f"},"headline":"C\u00e1ncer de Cabeza y Cuello","datePublished":"2024-04-23T20:38:31+00:00","dateModified":"2025-06-05T00:28:05+00:00","mainEntityOfPage":{"@id":"https:\/\/siglo21.cr\/2024\/04\/23\/cancer-de-cabeza-y-cuello\/"},"wordCount":567,"commentCount":0,"publisher":{"@id":"https:\/\/siglo21.cr\/#organization"},"image":{"@id":"https:\/\/siglo21.cr\/2024\/04\/23\/cancer-de-cabeza-y-cuello\/#primaryimage"},"thumbnailUrl":"https:\/\/siglo21.cr\/wp-content\/uploads\/2024\/04\/cancer-de-cabeza-y-cuello.jpg","articleSection":["Tipos de c\u00e1ncer"],"inLanguage":"en-US","potentialAction":[{"@type":"CommentAction","name":"Comment","target":["https:\/\/siglo21.cr\/2024\/04\/23\/cancer-de-cabeza-y-cuello\/#respond"]}]},{"@type":"WebPage","@id":"https:\/\/siglo21.cr\/2024\/04\/23\/cancer-de-cabeza-y-cuello\/","url":"https:\/\/siglo21.cr\/2024\/04\/23\/cancer-de-cabeza-y-cuello\/","name":"C\u00e1ncer de Cabeza y Cuello - SigloXXI - Centro Me\u0301dico de Radioterapia","isPartOf":{"@id":"https:\/\/siglo21.cr\/#website"},"primaryImageOfPage":{"@id":"https:\/\/siglo21.cr\/2024\/04\/23\/cancer-de-cabeza-y-cuello\/#primaryimage"},"image":{"@id":"https:\/\/siglo21.cr\/2024\/04\/23\/cancer-de-cabeza-y-cuello\/#primaryimage"},"thumbnailUrl":"https:\/\/siglo21.cr\/wp-content\/uploads\/2024\/04\/cancer-de-cabeza-y-cuello.jpg","datePublished":"2024-04-23T20:38:31+00:00","dateModified":"2025-06-05T00:28:05+00:00","description":"Tejidos tan vitales requieren la m\u00e1s alta precisi\u00f3n que garantice los menores efectos secundarios. Radioterapia con precisi\u00f3n y exactitud.","breadcrumb":{"@id":"https:\/\/siglo21.cr\/2024\/04\/23\/cancer-de-cabeza-y-cuello\/#breadcrumb"},"inLanguage":"en-US","potentialAction":[{"@type":"ReadAction","target":["https:\/\/siglo21.cr\/2024\/04\/23\/cancer-de-cabeza-y-cuello\/"]}]},{"@type":"ImageObject","inLanguage":"en-US","@id":"https:\/\/siglo21.cr\/2024\/04\/23\/cancer-de-cabeza-y-cuello\/#primaryimage","url":"https:\/\/siglo21.cr\/wp-content\/uploads\/2024\/04\/cancer-de-cabeza-y-cuello.jpg","contentUrl":"https:\/\/siglo21.cr\/wp-content\/uploads\/2024\/04\/cancer-de-cabeza-y-cuello.jpg","width":350,"height":500},{"@type":"BreadcrumbList","@id":"https:\/\/siglo21.cr\/2024\/04\/23\/cancer-de-cabeza-y-cuello\/#breadcrumb","itemListElement":[{"@type":"ListItem","position":1,"name":"Portada","item":"https:\/\/siglo21.cr\/"},{"@type":"ListItem","position":2,"name":"C\u00e1ncer de Cabeza y Cuello"}]},{"@type":"WebSite","@id":"https:\/\/siglo21.cr\/#website","url":"https:\/\/siglo21.cr\/","name":"SigloXXI - Centro Me\u0301dico de Radioterapia","description":"Centro me\u0301dico de Radioterapia Siglo XXI esta\u0301 enfocado en la atencio\u0301n del paciente oncolo\u0301gico, alta tecnologi\u0301a para combatir el ca\u0301ncer","publisher":{"@id":"https:\/\/siglo21.cr\/#organization"},"potentialAction":[{"@type":"SearchAction","target":{"@type":"EntryPoint","urlTemplate":"https:\/\/siglo21.cr\/?s={search_term_string}"},"query-input":{"@type":"PropertyValueSpecification","valueRequired":true,"valueName":"search_term_string"}}],"inLanguage":"en-US"},{"@type":"Organization","@id":"https:\/\/siglo21.cr\/#organization","name":"SigloXXI - Centro Me\u0301dico de Radioterapia","url":"https:\/\/siglo21.cr\/","logo":{"@type":"ImageObject","inLanguage":"en-US","@id":"https:\/\/siglo21.cr\/#\/schema\/logo\/image\/","url":"https:\/\/siglo21.cr\/wp-content\/uploads\/2024\/04\/logo-siglo-21-radioterapia.png","contentUrl":"https:\/\/siglo21.cr\/wp-content\/uploads\/2024\/04\/logo-siglo-21-radioterapia.png","width":255,"height":90,"caption":"SigloXXI - Centro Me\u0301dico de Radioterapia"},"image":{"@id":"https:\/\/siglo21.cr\/#\/schema\/logo\/image\/"},"sameAs":["https:\/\/www.facebook.com\/sigloXXIcr\/","https:\/\/x.com\/siglo21cr","https:\/\/www.instagram.com\/radioterapia_siglo21\/","https:\/\/www.youtube.com\/channel\/UCOp1HTiyQqULVE_JHqIX_zQ"]},{"@type":"Person","@id":"https:\/\/siglo21.cr\/#\/schema\/person\/17fc219c284ae2601c3ec04775a53f8f","name":"soporte","image":{"@type":"ImageObject","inLanguage":"en-US","@id":"https:\/\/siglo21.cr\/#\/schema\/person\/image\/","url":"https:\/\/secure.gravatar.com\/avatar\/57145a56b9404c6d56f633c793f27ec096f84bc89acfab45c6ec947c5e9d08e2?s=96&d=mm&r=g","contentUrl":"https:\/\/secure.gravatar.com\/avatar\/57145a56b9404c6d56f633c793f27ec096f84bc89acfab45c6ec947c5e9d08e2?s=96&d=mm&r=g","caption":"soporte"},"sameAs":["https:\/\/siglo21.cr.sinlimitescr.xyz"],"url":"https:\/\/siglo21.cr\/eng\/author\/soporte\/"}]}},"_links":{"self":[{"href":"https:\/\/siglo21.cr\/eng\/wp-json\/wp\/v2\/posts\/277","targetHints":{"allow":["GET"]}}],"collection":[{"href":"https:\/\/siglo21.cr\/eng\/wp-json\/wp\/v2\/posts"}],"about":[{"href":"https:\/\/siglo21.cr\/eng\/wp-json\/wp\/v2\/types\/post"}],"author":[{"embeddable":true,"href":"https:\/\/siglo21.cr\/eng\/wp-json\/wp\/v2\/users\/1"}],"replies":[{"embeddable":true,"href":"https:\/\/siglo21.cr\/eng\/wp-json\/wp\/v2\/comments?post=277"}],"version-history":[{"count":25,"href":"https:\/\/siglo21.cr\/eng\/wp-json\/wp\/v2\/posts\/277\/revisions"}],"predecessor-version":[{"id":2374,"href":"https:\/\/siglo21.cr\/eng\/wp-json\/wp\/v2\/posts\/277\/revisions\/2374"}],"wp:featuredmedia":[{"embeddable":true,"href":"https:\/\/siglo21.cr\/eng\/wp-json\/wp\/v2\/media\/278"}],"wp:attachment":[{"href":"https:\/\/siglo21.cr\/eng\/wp-json\/wp\/v2\/media?parent=277"}],"wp:term":[{"taxonomy":"category","embeddable":true,"href":"https:\/\/siglo21.cr\/eng\/wp-json\/wp\/v2\/categories?post=277"},{"taxonomy":"post_tag","embeddable":true,"href":"https:\/\/siglo21.cr\/eng\/wp-json\/wp\/v2\/tags?post=277"}],"curies":[{"name":"wp","href":"https:\/\/api.w.org\/{rel}","templated":true}]}}